{"id":1091,"date":"2020-04-25T11:33:07","date_gmt":"2020-04-25T09:33:07","guid":{"rendered":"https:\/\/nicole37.fr\/?p=1091"},"modified":"2020-04-25T11:33:07","modified_gmt":"2020-04-25T09:33:07","slug":"deconfinement-le-11-mai","status":"publish","type":"post","link":"https:\/\/nicole37.fr\/?p=1091","title":{"rendered":"DECONFINEMENT LE 11 MAI"},"content":{"rendered":"\n<p style=\"text-align:center\" class=\"has-large-font-size\"><strong>Que pensez-vous de ce d\u00e9confinement <\/strong><\/p>\n\n\n\n<p style=\"text-align:center\" class=\"has-large-font-size\"><strong>pr\u00e9vu pour <\/strong><strong>le 11 Mai ?<\/strong><\/p>\n\n\n\n<p class=\"has-medium-font-size\">Il est bien trop h\u00e2tif, je trouve, pour faire reprendre en premier les scolaires, alors que l&rsquo;ann\u00e9e est pour ainsi dire termin\u00e9e et que les examens sont pr\u00e9vus \u00ab\u00a0en contr\u00f4le continu\u00a0\u00bb. Pourquoi vouloir faire reprendre en premier les \u00ab\u00a0CP &#8211; CM2\u00a0\u00bb qui ne serait pas efficace car ne pouvant tenir toutes les consignes demand\u00e9es. Une \u00e9cole n&rsquo;est pas une garderie non plus et les parents sont responsables de leurs enfants.  De plus, m\u00eame les enfants peuvent \u00eatre porteurs et contaminer toute leur famille. <\/p>\n\n\n\n<p class=\"has-medium-font-size\">Les contagions ne sont pas finies non plus et la reprise pourrait engendrait une deuxi\u00e8me vague d&rsquo;\u00e9pid\u00e9mie, qui serait plus importante et plus grave. Ceux qui \u00e9taient confin\u00e9s pendant tout ce temps l\u00e0 et qui ressortiraient, pourraient \u00e0 leur tour \u00eatre contamin\u00e9e et risquer leur vie ? Et d&rsquo;avoir tout respect\u00e9 pour rien ? Lamentable quand m\u00eame ! <\/p>\n\n\n\n<p class=\"has-medium-font-size\">Les masques ne sont pas disponibles par l&rsquo;Etat mais c&rsquo;est les citoyens eux-m\u00eames qui se d\u00e9brouillent pour confectionner des masques de fortune ! C&rsquo;est vraiment <strong>HONTEUX<\/strong> et je le cris haut et fort <strong>oui.<\/strong><\/p>\n\n\n\n<p class=\"has-medium-font-size\">Je vous met un lien qui donnera de plus amples renseignements \u00e0 ce sujet. <\/p>\n\n\n\n<p>    <a href=\"https:\/\/factuel.afp.com\/attention-la-majorite-de-ces-pays-nont-pas-acte-de-reouverture-des-classes-en-septembre?fbclid=IwAR1D-U69vGQOwoLxcTXyD0dF-BMCKDn68gYdRfckEhjspOXTVbuN5UBAND0\">https:\/\/factuel.afp.com\/attention-la-majorite-de-ces-pays-nont-pas-acte-de-reouverture-des-classes-en-septembre?fbclid=IwAR1D-U69vGQOwoLxcTXyD0dF-BMCKDn68gYdRfckEhjspOXTVbuN5UBAND0<\/a><\/p>\n\n\n\n<div class=\"wp-block-image\"><figure class=\"aligncenter is-resized\"><img loading=\"lazy\" decoding=\"async\" src=\"https:\/\/nicole37.fr\/wp-content\/uploads\/2020\/04\/94419295_10222600245974195_5966137687894130688_o-473x1024.jpg\" alt=\"\" class=\"wp-image-1093\" width=\"121\" height=\"263\" srcset=\"https:\/\/nicole37.fr\/wp-content\/uploads\/2020\/04\/94419295_10222600245974195_5966137687894130688_o-473x1024.jpg 473w, https:\/\/nicole37.fr\/wp-content\/uploads\/2020\/04\/94419295_10222600245974195_5966137687894130688_o-768x1663.jpg 768w, https:\/\/nicole37.fr\/wp-content\/uploads\/2020\/04\/94419295_10222600245974195_5966137687894130688_o-710x1536.jpg 710w, https:\/\/nicole37.fr\/wp-content\/uploads\/2020\/04\/94419295_10222600245974195_5966137687894130688_o.jpg 946w\" sizes=\"auto, (max-width: 121px) 85vw, 121px\" \/><figcaption><strong>Liste des pays<\/strong><\/figcaption><\/figure><\/div>\n\n\n\n<p class=\"has-medium-font-size\">Alors Monsieur le Pr\u00e9sident et le gouvernement ne faite pas tout et n&rsquo;importe quoi, en disant un jour ceci, un jour cela, ah oui, peut-\u00eatre bien ! <\/p>\n\n\n\n<p><strong>Vous avez l&rsquo;obligation, en tant que Pr\u00e9sident, de pr\u00e9server la sant\u00e9 de nous tous et non de pr\u00e9server le grand capitalisme. <\/strong><\/p>\n","protected":false},"excerpt":{"rendered":"<p>Que pensez-vous de ce d\u00e9confinement pr\u00e9vu pour le 11 Mai ? Il est bien trop h\u00e2tif, je trouve, pour faire reprendre en premier les scolaires, alors que l&rsquo;ann\u00e9e est pour ainsi dire termin\u00e9e et que les examens sont pr\u00e9vus \u00ab\u00a0en contr\u00f4le continu\u00a0\u00bb. Pourquoi vouloir faire reprendre en premier les \u00ab\u00a0CP &#8211; CM2\u00a0\u00bb qui ne serait &hellip; <a href=\"https:\/\/nicole37.fr\/?p=1091\" class=\"more-link\">Continuer la lecture<span class=\"screen-reader-text\"> de &laquo;&nbsp;DECONFINEMENT LE 11 MAI&nbsp;&raquo;<\/span><\/a><\/p>\n","protected":false},"author":1,"featured_media":0,"comment_status":"open","ping_status":"open","sticky":false,"template":"","format":"standard","meta":{"footnotes":""},"categories":[3],"tags":[],"class_list":["post-1091","post","type-post","status-publish","format-standard","hentry","category-uncategorized"],"_links":{"self":[{"href":"https:\/\/nicole37.fr\/index.php?rest_route=\/wp\/v2\/posts\/1091","targetHints":{"allow":["GET"]}}],"collection":[{"href":"https:\/\/nicole37.fr\/index.php?rest_route=\/wp\/v2\/posts"}],"about":[{"href":"https:\/\/nicole37.fr\/index.php?rest_route=\/wp\/v2\/types\/post"}],"author":[{"embeddable":true,"href":"https:\/\/nicole37.fr\/index.php?rest_route=\/wp\/v2\/users\/1"}],"replies":[{"embeddable":true,"href":"https:\/\/nicole37.fr\/index.php?rest_route=%2Fwp%2Fv2%2Fcomments&post=1091"}],"version-history":[{"count":0,"href":"https:\/\/nicole37.fr\/index.php?rest_route=\/wp\/v2\/posts\/1091\/revisions"}],"wp:attachment":[{"href":"https:\/\/nicole37.fr\/index.php?rest_route=%2Fwp%2Fv2%2Fmedia&parent=1091"}],"wp:term":[{"taxonomy":"category","embeddable":true,"href":"https:\/\/nicole37.fr\/index.php?rest_route=%2Fwp%2Fv2%2Fcategories&post=1091"},{"taxonomy":"post_tag","embeddable":true,"href":"https:\/\/nicole37.fr\/index.php?rest_route=%2Fwp%2Fv2%2Ftags&post=1091"}],"curies":[{"name":"wp","href":"https:\/\/api.w.org\/{rel}","templated":true}]}}