{"id":1647,"date":"2020-06-08T22:20:19","date_gmt":"2020-06-08T20:20:19","guid":{"rendered":"https:\/\/nicole37.fr\/?p=1647"},"modified":"2020-06-08T22:20:19","modified_gmt":"2020-06-08T20:20:19","slug":"objet-volant-dans-le-ciel-de-ballan-des-explications","status":"publish","type":"post","link":"https:\/\/nicole37.fr\/?p=1647","title":{"rendered":"Objet volant dans le ciel de Ballan : DES EXPLICATIONS"},"content":{"rendered":"\n<p class=\"has-medium-font-size\">Le samedi 6 juin au soir vers 23H56 que s&rsquo;est-il pass\u00e9 en Touraine ?<\/p>\n\n\n\n<p class=\"has-medium-font-size\">Un objet volant aurait \u00e9t\u00e9 vu, depuis Ballan-Mir\u00e9, traverser le ciel, passant super vite et l&rsquo;arri\u00e8re qui semblait en feu, comme le r\u00e9acteur d&rsquo;une fus\u00e9e. Ceci, sans bruit. Myst\u00e8re ?<strong> <\/strong><\/p>\n\n\n\n<p>\u200b<a href=\"https:\/\/www.lanouvellerepublique.fr\/indre-et-loire\/commune\/ballan-mire\/objet-volant-non-encore-identifie-au-dessus-de-ballan-mire?utm_medium=Social&amp;utm_source=Facebook&amp;fbclid=IwAR1x3Y8upQoj3Ch6zuI9yBwVLRo5HujfMT51JcgN51i8LRrg3wrThuVltQA\">https:\/\/www.lanouvellerepublique.fr\/indre-et-loire\/commune\/ballan-mire\/objet-volant-non-encore-identifie-au-dessus-de-ballan-mire?utm_medium=Social&amp;utm_source=Facebook&amp;fbclid=IwAR1x3Y8upQoj3Ch6zuI9yBwVLRo5HujfMT51JcgN51i8LRrg3wrThuVltQA<\/a><\/p>\n\n\n\n<p class=\"has-medium-font-size\">Sur le lien ci-dessous, vous trouverez la r\u00e9ponse \u00e0 vos questions et en images : bolide \u00e9toiles filantes, m\u00e9t\u00e9orites : <\/p>\n\n\n\n<p><a href=\"https:\/\/www.lanouvellerepublique.fr\/deux-sevres\/commune\/marigny\/l-objet-volant-dans-le-ciel-de-ballan-mire-peut-etre-identifie?utm_medium=Social&amp;utm_source=Facebook&amp;fbclid=IwAR2Q3yL_4-bq8RpcRjPOrI59NDQfLczUg9F4Bmx5G1wtzFwXzOca7oe-ur8\">https:\/\/www.lanouvellerepublique.fr\/deux-sevres\/commune\/marigny\/l-objet-volant-dans-le-ciel-de-ballan-mire-peut-etre-identifie?utm_medium=Social&amp;utm_source=Facebook&amp;fbclid=IwAR2Q3yL_4-bq8RpcRjPOrI59NDQfLczUg9F4Bmx5G1wtzFwXzOca7oe-ur8<\/a><\/p>\n\n\n\n<p style=\"text-align:center\"><em><strong>Tr\u00e8s int\u00e9ressant \u00e0 d\u00e9couvrir. Bonne lecture.<\/strong><\/em><strong>\u200b<\/strong><\/p>\n","protected":false},"excerpt":{"rendered":"<p>Le samedi 6 juin au soir vers 23H56 que s&rsquo;est-il pass\u00e9 en Touraine ? Un objet volant aurait \u00e9t\u00e9 vu, depuis Ballan-Mir\u00e9, traverser le ciel, passant super vite et l&rsquo;arri\u00e8re qui semblait en feu, comme le r\u00e9acteur d&rsquo;une fus\u00e9e. Ceci, sans bruit. Myst\u00e8re ? \u200bhttps:\/\/www.lanouvellerepublique.fr\/indre-et-loire\/commune\/ballan-mire\/objet-volant-non-encore-identifie-au-dessus-de-ballan-mire?utm_medium=Social&amp;utm_source=Facebook&amp;fbclid=IwAR1x3Y8upQoj3Ch6zuI9yBwVLRo5HujfMT51JcgN51i8LRrg3wrThuVltQA Sur le lien ci-dessous, vous trouverez la r\u00e9ponse \u00e0 vos &hellip; <a href=\"https:\/\/nicole37.fr\/?p=1647\" class=\"more-link\">Continuer la lecture<span class=\"screen-reader-text\"> de &laquo;&nbsp;Objet volant dans le ciel de Ballan : DES EXPLICATIONS&nbsp;&raquo;<\/span><\/a><\/p>\n","protected":false},"author":1,"featured_media":0,"comment_status":"open","ping_status":"open","sticky":false,"template":"","format":"standard","meta":{"footnotes":""},"categories":[36],"tags":[],"class_list":["post-1647","post","type-post","status-publish","format-standard","hentry","category-insolite"],"_links":{"self":[{"href":"https:\/\/nicole37.fr\/index.php?rest_route=\/wp\/v2\/posts\/1647","targetHints":{"allow":["GET"]}}],"collection":[{"href":"https:\/\/nicole37.fr\/index.php?rest_route=\/wp\/v2\/posts"}],"about":[{"href":"https:\/\/nicole37.fr\/index.php?rest_route=\/wp\/v2\/types\/post"}],"author":[{"embeddable":true,"href":"https:\/\/nicole37.fr\/index.php?rest_route=\/wp\/v2\/users\/1"}],"replies":[{"embeddable":true,"href":"https:\/\/nicole37.fr\/index.php?rest_route=%2Fwp%2Fv2%2Fcomments&post=1647"}],"version-history":[{"count":0,"href":"https:\/\/nicole37.fr\/index.php?rest_route=\/wp\/v2\/posts\/1647\/revisions"}],"wp:attachment":[{"href":"https:\/\/nicole37.fr\/index.php?rest_route=%2Fwp%2Fv2%2Fmedia&parent=1647"}],"wp:term":[{"taxonomy":"category","embeddable":true,"href":"https:\/\/nicole37.fr\/index.php?rest_route=%2Fwp%2Fv2%2Fcategories&post=1647"},{"taxonomy":"post_tag","embeddable":true,"href":"https:\/\/nicole37.fr\/index.php?rest_route=%2Fwp%2Fv2%2Ftags&post=1647"}],"curies":[{"name":"wp","href":"https:\/\/api.w.org\/{rel}","templated":true}]}}