{"id":1696,"date":"2020-06-20T08:37:15","date_gmt":"2020-06-20T06:37:15","guid":{"rendered":"https:\/\/nicole37.fr\/?p=1696"},"modified":"2020-06-20T08:37:15","modified_gmt":"2020-06-20T06:37:15","slug":"fete-des-peres","status":"publish","type":"post","link":"https:\/\/nicole37.fr\/?p=1696","title":{"rendered":"FETE DES PERES"},"content":{"rendered":"\n<p class=\"has-medium-font-size\">Dimanche sera la f\u00eate des p\u00e8res. <\/p>\n\n\n\n<p class=\"has-medium-font-size\">Bien que celle-ci soit moins f\u00eat\u00e9e, c&rsquo;est une journ\u00e9e sp\u00e9ciale pour les papas (pr\u00e9sents ou non pr\u00e9sents) mais toujours  pr\u00e9sents dans nos coeurs et \u00e0 qui nous pensons toujours. <\/p>\n\n\n\n<p class=\"has-medium-font-size\">C&rsquo;est aussi une affaire commerciale  qui a pris de l&rsquo;ampleur ce jour l\u00e0 mais que l&rsquo;on honneur malgr\u00e9 tout.<\/p>\n\n\n\n<p class=\"has-medium-font-size\">A tous les papas nous disons \u00ab\u00a0BONNE FETE\u00a0\u00bb.<\/p>\n\n\n\n<figure class=\"wp-block-image size-large\"><img loading=\"lazy\" decoding=\"async\" width=\"720\" height=\"540\" src=\"https:\/\/nicole37.fr\/wp-content\/uploads\/2020\/06\/fete-des-peres_016.jpg\" alt=\"\" class=\"wp-image-1701\" srcset=\"https:\/\/nicole37.fr\/wp-content\/uploads\/2020\/06\/fete-des-peres_016.jpg 720w, https:\/\/nicole37.fr\/wp-content\/uploads\/2020\/06\/fete-des-peres_016-300x225.jpg 300w\" sizes=\"auto, (max-width: 709px) 85vw, (max-width: 909px) 67vw, (max-width: 984px) 61vw, (max-width: 1362px) 45vw, 600px\" \/><\/figure>\n\n\n\n<figure class=\"wp-block-image size-large\"><img loading=\"lazy\" decoding=\"async\" width=\"700\" height=\"525\" src=\"https:\/\/nicole37.fr\/wp-content\/uploads\/2020\/06\/fete-des-peres_002.jpg\" alt=\"\" class=\"wp-image-1700\" srcset=\"https:\/\/nicole37.fr\/wp-content\/uploads\/2020\/06\/fete-des-peres_002.jpg 700w, https:\/\/nicole37.fr\/wp-content\/uploads\/2020\/06\/fete-des-peres_002-300x225.jpg 300w\" sizes=\"auto, (max-width: 709px) 85vw, (max-width: 909px) 67vw, (max-width: 984px) 61vw, (max-width: 1362px) 45vw, 600px\" \/><\/figure>\n\n\n\n<p><\/p>\n","protected":false},"excerpt":{"rendered":"<p>Dimanche sera la f\u00eate des p\u00e8res. Bien que celle-ci soit moins f\u00eat\u00e9e, c&rsquo;est une journ\u00e9e sp\u00e9ciale pour les papas (pr\u00e9sents ou non pr\u00e9sents) mais toujours pr\u00e9sents dans nos coeurs et \u00e0 qui nous pensons toujours. C&rsquo;est aussi une affaire commerciale qui a pris de l&rsquo;ampleur ce jour l\u00e0 mais que l&rsquo;on honneur malgr\u00e9 tout. A &hellip; <a href=\"https:\/\/nicole37.fr\/?p=1696\" class=\"more-link\">Continuer la lecture<span class=\"screen-reader-text\"> de &laquo;&nbsp;FETE DES PERES&nbsp;&raquo;<\/span><\/a><\/p>\n","protected":false},"author":1,"featured_media":0,"comment_status":"open","ping_status":"open","sticky":false,"template":"","format":"standard","meta":{"footnotes":""},"categories":[29],"tags":[],"class_list":["post-1696","post","type-post","status-publish","format-standard","hentry","category-fetes"],"_links":{"self":[{"href":"https:\/\/nicole37.fr\/index.php?rest_route=\/wp\/v2\/posts\/1696","targetHints":{"allow":["GET"]}}],"collection":[{"href":"https:\/\/nicole37.fr\/index.php?rest_route=\/wp\/v2\/posts"}],"about":[{"href":"https:\/\/nicole37.fr\/index.php?rest_route=\/wp\/v2\/types\/post"}],"author":[{"embeddable":true,"href":"https:\/\/nicole37.fr\/index.php?rest_route=\/wp\/v2\/users\/1"}],"replies":[{"embeddable":true,"href":"https:\/\/nicole37.fr\/index.php?rest_route=%2Fwp%2Fv2%2Fcomments&post=1696"}],"version-history":[{"count":0,"href":"https:\/\/nicole37.fr\/index.php?rest_route=\/wp\/v2\/posts\/1696\/revisions"}],"wp:attachment":[{"href":"https:\/\/nicole37.fr\/index.php?rest_route=%2Fwp%2Fv2%2Fmedia&parent=1696"}],"wp:term":[{"taxonomy":"category","embeddable":true,"href":"https:\/\/nicole37.fr\/index.php?rest_route=%2Fwp%2Fv2%2Fcategories&post=1696"},{"taxonomy":"post_tag","embeddable":true,"href":"https:\/\/nicole37.fr\/index.php?rest_route=%2Fwp%2Fv2%2Ftags&post=1696"}],"curies":[{"name":"wp","href":"https:\/\/api.w.org\/{rel}","templated":true}]}}