{"id":1946,"date":"2020-08-11T08:22:13","date_gmt":"2020-08-11T06:22:13","guid":{"rendered":"https:\/\/nicole37.fr\/?p=1946"},"modified":"2020-08-11T08:22:13","modified_gmt":"2020-08-11T06:22:13","slug":"quelle-canicule-2020","status":"publish","type":"post","link":"https:\/\/nicole37.fr\/?p=1946","title":{"rendered":"QUELLE CANICULE ! 2020"},"content":{"rendered":"\n<figure class=\"wp-block-image size-large\"><img loading=\"lazy\" decoding=\"async\" width=\"677\" height=\"678\" src=\"https:\/\/nicole37.fr\/wp-content\/uploads\/2020\/08\/capture-decran-2018-08-01-a-16.48.51.png\" alt=\"\" class=\"wp-image-1952\" srcset=\"https:\/\/nicole37.fr\/wp-content\/uploads\/2020\/08\/capture-decran-2018-08-01-a-16.48.51.png 677w, https:\/\/nicole37.fr\/wp-content\/uploads\/2020\/08\/capture-decran-2018-08-01-a-16.48.51-300x300.png 300w, https:\/\/nicole37.fr\/wp-content\/uploads\/2020\/08\/capture-decran-2018-08-01-a-16.48.51-150x150.png 150w\" sizes=\"auto, (max-width: 709px) 85vw, (max-width: 909px) 67vw, (max-width: 984px) 61vw, (max-width: 1362px) 45vw, 600px\" \/><\/figure>\n\n\n\n<figure class=\"wp-block-image size-large\"><img loading=\"lazy\" decoding=\"async\" width=\"660\" height=\"450\" src=\"https:\/\/nicole37.fr\/wp-content\/uploads\/2020\/08\/660px-2003_europe_summer_temperature_anomaly.png\" alt=\"\" class=\"wp-image-1953\" srcset=\"https:\/\/nicole37.fr\/wp-content\/uploads\/2020\/08\/660px-2003_europe_summer_temperature_anomaly.png 660w, https:\/\/nicole37.fr\/wp-content\/uploads\/2020\/08\/660px-2003_europe_summer_temperature_anomaly-300x205.png 300w\" sizes=\"auto, (max-width: 709px) 85vw, (max-width: 909px) 67vw, (max-width: 984px) 61vw, (max-width: 1362px) 45vw, 600px\" \/><\/figure>\n\n\n\n<p><\/p>\n\n\n\n<p><a href=\"https:\/\/fr.wikipedia.org\/wiki\/Canicule\">https:\/\/fr.wikipedia.org\/wiki\/Canicule<\/a><\/p>\n\n\n\n<p class=\"has-medium-font-size\">Depuis un certain temps, la terre se r\u00e9chauffe. Les \u00e9t\u00e9s ne sont plus ce que nous avons connus et les hivers non plus.<\/p>\n\n\n\n<p class=\"has-medium-font-size\">Nous ne connaissons plus de saison : le printemps, l&rsquo;\u00e9t\u00e9, l&rsquo;automne, l&rsquo;hiver.<\/p>\n\n\n\n<p class=\"has-medium-font-size\">A notre \u00e9poque, le printemps \u00e9tait situ\u00e9 plus au mois de mai o\u00f9 tout refleurissait, bourgeonnait, s&rsquo;\u00e9panouissait. Maintenant on ne sait plus du tout \u00e0 quel moment cela se produit. Cette ann\u00e9e, tout avait de l&rsquo;avance de deux, trois, voir quatre mois. Nous ne savons plus comment la culture r\u00e9agit.<\/p>\n\n\n\n<p class=\"has-medium-font-size\">L&rsquo;hiver la temp\u00e9rature ne vas plus beaucoup en dessous de z\u00e9ro mais de plus en plus positive. La neige fait tr\u00e8s rarement son apparition. Il se passe bien quelque chose. L&rsquo;\u00e9t\u00e9 nous ne pouvons plus sortir \u00e0 cause de la canicule, les temp\u00e9ratures d\u00e9passant les 30 ou 35\u00b0 voir plus dans certains endroits. Ce n&rsquo;est plus vivable : les saisons ne sont plus du tout ce qu&rsquo;elles \u00e9taient. Celles-ci  avaient leurs significations avant, maintenant, non. Cela devient tr\u00e8s grave, il faut en prendre conscience.<\/p>\n\n\n\n<p class=\"has-medium-font-size\">Il y a de plus en plus de catastrophes, inondations, incendies, etc ce qui prouve bien les changements climatiques. On abat les arbres pour construire des logements, pour moderniser l&rsquo;environnement, hors, on va contre la nature. Les foss\u00e9s sont rebouch\u00e9s, ceux-ci servant pourtant \u00e0 \u00e9viter toutes les inondations, mais on pr\u00e9f\u00e8re le b\u00e9ton plut\u00f4t que de conserver la nature tr\u00e8s utile pour l&rsquo;environnement.<\/p>\n\n\n\n<p class=\"has-medium-font-size\"><strong><em>Quand prendrons-nous conscience de tout ceci ? <\/em><\/strong><\/p>\n\n\n\n<p><\/p>\n","protected":false},"excerpt":{"rendered":"<p>https:\/\/fr.wikipedia.org\/wiki\/Canicule Depuis un certain temps, la terre se r\u00e9chauffe. Les \u00e9t\u00e9s ne sont plus ce que nous avons connus et les hivers non plus. Nous ne connaissons plus de saison : le printemps, l&rsquo;\u00e9t\u00e9, l&rsquo;automne, l&rsquo;hiver. A notre \u00e9poque, le printemps \u00e9tait situ\u00e9 plus au mois de mai o\u00f9 tout refleurissait, bourgeonnait, s&rsquo;\u00e9panouissait. Maintenant on &hellip; <a href=\"https:\/\/nicole37.fr\/?p=1946\" class=\"more-link\">Continuer la lecture<span class=\"screen-reader-text\"> de &laquo;&nbsp;QUELLE CANICULE ! 2020&nbsp;&raquo;<\/span><\/a><\/p>\n","protected":false},"author":1,"featured_media":0,"comment_status":"open","ping_status":"open","sticky":false,"template":"","format":"standard","meta":{"footnotes":""},"categories":[73],"tags":[],"class_list":["post-1946","post","type-post","status-publish","format-standard","hentry","category-rechauffement-de-la-planete"],"_links":{"self":[{"href":"https:\/\/nicole37.fr\/index.php?rest_route=\/wp\/v2\/posts\/1946","targetHints":{"allow":["GET"]}}],"collection":[{"href":"https:\/\/nicole37.fr\/index.php?rest_route=\/wp\/v2\/posts"}],"about":[{"href":"https:\/\/nicole37.fr\/index.php?rest_route=\/wp\/v2\/types\/post"}],"author":[{"embeddable":true,"href":"https:\/\/nicole37.fr\/index.php?rest_route=\/wp\/v2\/users\/1"}],"replies":[{"embeddable":true,"href":"https:\/\/nicole37.fr\/index.php?rest_route=%2Fwp%2Fv2%2Fcomments&post=1946"}],"version-history":[{"count":0,"href":"https:\/\/nicole37.fr\/index.php?rest_route=\/wp\/v2\/posts\/1946\/revisions"}],"wp:attachment":[{"href":"https:\/\/nicole37.fr\/index.php?rest_route=%2Fwp%2Fv2%2Fmedia&parent=1946"}],"wp:term":[{"taxonomy":"category","embeddable":true,"href":"https:\/\/nicole37.fr\/index.php?rest_route=%2Fwp%2Fv2%2Fcategories&post=1946"},{"taxonomy":"post_tag","embeddable":true,"href":"https:\/\/nicole37.fr\/index.php?rest_route=%2Fwp%2Fv2%2Ftags&post=1946"}],"curies":[{"name":"wp","href":"https:\/\/api.w.org\/{rel}","templated":true}]}}