{"id":2058,"date":"2020-08-27T07:12:33","date_gmt":"2020-08-27T05:12:33","guid":{"rendered":"https:\/\/nicole37.fr\/?p=2058"},"modified":"2020-08-27T07:12:33","modified_gmt":"2020-08-27T05:12:33","slug":"la-rentree-scolaire","status":"publish","type":"post","link":"https:\/\/nicole37.fr\/?p=2058","title":{"rendered":"LA RENTREE SCOLAIRE"},"content":{"rendered":"\n<figure class=\"wp-block-gallery columns-2 is-cropped wp-block-gallery-1 is-layout-flex wp-block-gallery-is-layout-flex\"><ul class=\"blocks-gallery-grid\"><li class=\"blocks-gallery-item\"><figure><img loading=\"lazy\" decoding=\"async\" width=\"181\" height=\"278\" src=\"https:\/\/nicole37.fr\/wp-content\/uploads\/2020\/08\/images.jpg\" alt=\"\" data-id=\"2066\" data-full-url=\"https:\/\/nicole37.fr\/wp-content\/uploads\/2020\/08\/images.jpg\" data-link=\"https:\/\/nicole37.fr\/?attachment_id=2066\" class=\"wp-image-2066\"\/><\/figure><\/li><li class=\"blocks-gallery-item\"><figure><img loading=\"lazy\" decoding=\"async\" width=\"348\" height=\"440\" src=\"https:\/\/nicole37.fr\/wp-content\/uploads\/2020\/08\/unnamed-2.jpg\" alt=\"\" data-id=\"2067\" data-full-url=\"https:\/\/nicole37.fr\/wp-content\/uploads\/2020\/08\/unnamed-2.jpg\" data-link=\"https:\/\/nicole37.fr\/?attachment_id=2067\" class=\"wp-image-2067\" srcset=\"https:\/\/nicole37.fr\/wp-content\/uploads\/2020\/08\/unnamed-2.jpg 348w, https:\/\/nicole37.fr\/wp-content\/uploads\/2020\/08\/unnamed-2-237x300.jpg 237w\" sizes=\"auto, (max-width: 348px) 85vw, 348px\" \/><\/figure><\/li><\/ul><\/figure>\n\n\n\n<p class=\"has-medium-font-size\">La rentr\u00e9e scolaire sera particuli\u00e8re cette ann\u00e9e avec toutes les contraintes sanitaires.<\/p>\n\n\n\n<p class=\"has-medium-font-size\">Dans plusieurs grandes villes d\u00e9j\u00e0, il y a recrudescence du COVID 19, d&rsquo;o\u00f9 la n\u00e9cessit\u00e9 de confiner \u00e0 nouveau partiellement ces grandes villes qui sont actuellement Marseille et Paris.  Mais d&rsquo;autres grandes villes vont suivre j&rsquo;en suis persuad\u00e9e,  vu l&rsquo;\u00e9volution que cela prend.<\/p>\n\n\n\n<p class=\"has-medium-font-size\">Et notre rentr\u00e9e scolaire avec tout ceci, eh bien on reprend comme \u00e0 la normale, sauf qu&rsquo;il y aura le port du masque pour les adultes, les lyc\u00e9ens, coll\u00e9giens et en maternelle, uniquement les enseignants. Mais ceux-ci ne sont pas gratuits, et on en demande deux par jour aux \u00e9l\u00e8ves pour en changer : un pour le matin, un pour l&rsquo;apr\u00e8s-midi.  Combien cela va co\u00fbter encore aux parents ? Car la prime de rentr\u00e9e plus soit-disant les 100 \u20ac ne vont pas combler les frais r\u00e9els que cela occasionnent. On dit : on donne mais payer tout de m\u00eame. Les 100\u20ac pr\u00e9vu \u00e9tait pour la rentr\u00e9e des classe : habillement des enfants, fournitures scolaires, tout ce qu&rsquo;il faut pour la rentr\u00e9e en quelque sorte. <\/p>\n\n\n\n<p><strong><em>Puisque l&rsquo;\u00e9cole est obligatoire et GRATUITE \u00e0 ce que je sache, les masques aussi devraient l&rsquo;\u00eatre.<\/em><\/strong><\/p>\n\n\n\n<p class=\"has-medium-font-size\">Pour en revenir \u00e0 cette rentr\u00e9e scolaire, pourquoi celle-ci n&rsquo;a pas \u00e9t\u00e9 repouss\u00e9e, d&rsquo;autant que la recrudescence \u00e9pid\u00e9mique n&rsquo;est pas finie et qu&rsquo;elle risque de s&rsquo;amplifier avec le retour des \u00e9l\u00e8ves : groupements, cantine, transports, r\u00e9cr\u00e9ation, etc&#8230; Et les gestes barri\u00e8res souvent oubli\u00e9es aussi. Alors ? On se rend bien compte qu&rsquo;avec le retour des vacanciers, ce fameux virus \u00e0 repris consid\u00e9rablement et que la contagion est plus importante m\u00eame si ce n&rsquo;est que les tests qui le prouvent. Donc, avec les \u00e9coliers se sera pareil ! La logique o\u00f9 est-elle ?  <\/p>\n\n\n\n<p class=\"has-medium-font-size\">Quand on voit autour de nous, dans d&rsquo;autres pays, qu&rsquo;ils avaient repris et que beaucoup d&rsquo;\u00e9coles referment leurs portes \u00e0 cause de la COVID, je trouve normal et cens\u00e9 que le Maroc ait r\u00e9agit et repouss\u00e9 la rentr\u00e9e scolaire. Bravo \u00e0 eux.  Mais nous, en France, que faisons nous ? Tout le contraire. Alors que nous savons tr\u00e8s bien qu&rsquo;\u00e0 la rentr\u00e9e on va nous dire \u00e0 nouveau : oh l\u00e0 l\u00e0, attention, il y a un nombre important de contagion ! <\/p>\n\n\n\n<p><strong>MON POINT DE VUE ET UNIQUEMENT LA MIENNE (R\u00e9sum\u00e9)<\/strong><\/p>\n\n\n\n<p><em><strong>Si depuis le mois de mars et m\u00eame bien avant (car cela se savait mais pas un mot aux citoyens) on avait pris les mesures n\u00e9cessaires pour endiguer ce v\u00e9ritable virus qu&rsquo;est \u00ab\u00a0la COVID 19\u00a0\u00bb on n&rsquo;en serait pas l\u00e0 ! <\/strong><\/em> <\/p>\n\n\n\n<p><strong><em>Fermer les fronti\u00e8res \u00e0 l&rsquo;\u00e9poque pour \u00e9viter la rentr\u00e9e de personnes des pays voisins contamin\u00e9s d\u00e9j\u00e0 par ce virus, \u00e9viter tout brassage de personnes pour les vacances de P\u00e2ques comme ceci s&rsquo;est produit, les votes pour se retrouver ensuite en confinement, puis d\u00e9-confinement et hop on vote de nouveau pour le second tour sachant que cela pouvait \u00eatre susceptible \u00e0 de nouvelles contaminations, m\u00eame avec certaines pr\u00e9cautions soit disant prises, puis les grandes vacances qui elles ne devaient se situer que dans certains p\u00e9rim\u00e8tres mais non l&rsquo;\u00e9tranger ! Les plages rempli de monde, serr\u00e9s les uns contre les autres.  Mais voil\u00e0, il fallait faire vivre les animations de voyages, pour garder contact avec les pays voisins avec qui on a des actions, qu&rsquo;il ne fallait surtout pas perdre (argent- argent) eh oui c&rsquo;est uniquement ceci ! Alors qu&rsquo;autrement en France,  on interdit toutes manifestations et  f\u00eates (moments de loisirs), des r\u00e9unions familiales, etc&#8230; et j&rsquo;en passe, on en aura entendu des vertes et des pas m\u00fbres.   Et apr\u00e8s ceci, comment r\u00e9agir \u00e0 de telles infos contradictoires ? eh bien je dis : normal. On ne croit plus en rien ni comment on est g\u00e9r\u00e9. Et je n&rsquo;en dirais pas plus ici.<\/em><\/strong> <strong><em>Mais d\u00e9j\u00e0 cela parle.<\/em>..<\/strong><\/p>\n\n\n\n<p class=\"has-text-align-center has-huge-font-size\">\ud83e\udd14\ud83e\udd14<\/p>\n","protected":false},"excerpt":{"rendered":"<p>La rentr\u00e9e scolaire sera particuli\u00e8re cette ann\u00e9e avec toutes les contraintes sanitaires. Dans plusieurs grandes villes d\u00e9j\u00e0, il y a recrudescence du COVID 19, d&rsquo;o\u00f9 la n\u00e9cessit\u00e9 de confiner \u00e0 nouveau partiellement ces grandes villes qui sont actuellement Marseille et Paris. Mais d&rsquo;autres grandes villes vont suivre j&rsquo;en suis persuad\u00e9e, vu l&rsquo;\u00e9volution que cela prend. &hellip; <a href=\"https:\/\/nicole37.fr\/?p=2058\" class=\"more-link\">Continuer la lecture<span class=\"screen-reader-text\"> de &laquo;&nbsp;LA RENTREE SCOLAIRE&nbsp;&raquo;<\/span><\/a><\/p>\n","protected":false},"author":1,"featured_media":0,"comment_status":"open","ping_status":"open","sticky":false,"template":"","format":"standard","meta":{"footnotes":""},"categories":[3],"tags":[],"class_list":["post-2058","post","type-post","status-publish","format-standard","hentry","category-uncategorized"],"_links":{"self":[{"href":"https:\/\/nicole37.fr\/index.php?rest_route=\/wp\/v2\/posts\/2058","targetHints":{"allow":["GET"]}}],"collection":[{"href":"https:\/\/nicole37.fr\/index.php?rest_route=\/wp\/v2\/posts"}],"about":[{"href":"https:\/\/nicole37.fr\/index.php?rest_route=\/wp\/v2\/types\/post"}],"author":[{"embeddable":true,"href":"https:\/\/nicole37.fr\/index.php?rest_route=\/wp\/v2\/users\/1"}],"replies":[{"embeddable":true,"href":"https:\/\/nicole37.fr\/index.php?rest_route=%2Fwp%2Fv2%2Fcomments&post=2058"}],"version-history":[{"count":0,"href":"https:\/\/nicole37.fr\/index.php?rest_route=\/wp\/v2\/posts\/2058\/revisions"}],"wp:attachment":[{"href":"https:\/\/nicole37.fr\/index.php?rest_route=%2Fwp%2Fv2%2Fmedia&parent=2058"}],"wp:term":[{"taxonomy":"category","embeddable":true,"href":"https:\/\/nicole37.fr\/index.php?rest_route=%2Fwp%2Fv2%2Fcategories&post=2058"},{"taxonomy":"post_tag","embeddable":true,"href":"https:\/\/nicole37.fr\/index.php?rest_route=%2Fwp%2Fv2%2Ftags&post=2058"}],"curies":[{"name":"wp","href":"https:\/\/api.w.org\/{rel}","templated":true}]}}