{"id":2641,"date":"2021-10-04T08:24:16","date_gmt":"2021-10-04T06:24:16","guid":{"rendered":"https:\/\/nicole37.fr\/?p=2641"},"modified":"2021-10-04T08:24:16","modified_gmt":"2021-10-04T06:24:16","slug":"deces-robin-richard","status":"publish","type":"post","link":"https:\/\/nicole37.fr\/?p=2641","title":{"rendered":"DECES ROBIN RICHARD"},"content":{"rendered":"\n<p>Nous apprenons avec tristesse le d\u00e9part de Robin qui nous a quitt\u00e9 et parti rejoindre les \u00e9toiles. Repose en paix <img loading=\"lazy\" decoding=\"async\" height=\"16\" width=\"16\" alt=\"\ud83d\ude4f\" src=\"https:\/\/static.xx.fbcdn.net\/images\/emoji.php\/v9\/tbe\/3\/16\/1f64f.png\"><img loading=\"lazy\" decoding=\"async\" height=\"16\" width=\"16\" alt=\"\ud83d\ude4f\" src=\"https:\/\/static.xx.fbcdn.net\/images\/emoji.php\/v9\/tbe\/3\/16\/1f64f.png\"> mon Robin que nous appr\u00e9cions tant. Apr\u00e8s tant de souffrance, tu as su surmonter ces dures \u00e9preuves aid\u00e9s par papa et maman. Tu avais des parents super pour te prendre en charge et tu les \u00e9coutais.Sinc\u00e8res condol\u00e9ances aux parents, fr\u00e8re et soeur et \u00e0 toute la famille. Amiti\u00e9s sinc\u00e8res.<\/p>\n\n\n\n<figure class=\"wp-block-image size-full is-resized\"><img loading=\"lazy\" decoding=\"async\" src=\"https:\/\/nicole37.fr\/wp-content\/uploads\/2021\/10\/244202924_4459329487494026_5183175340370599984_n-1.jpg\" alt=\"\" class=\"wp-image-2644\" width=\"623\" height=\"469\" srcset=\"https:\/\/nicole37.fr\/wp-content\/uploads\/2021\/10\/244202924_4459329487494026_5183175340370599984_n-1.jpg 364w, https:\/\/nicole37.fr\/wp-content\/uploads\/2021\/10\/244202924_4459329487494026_5183175340370599984_n-1-300x226.jpg 300w\" sizes=\"auto, (max-width: 709px) 85vw, (max-width: 909px) 67vw, (max-width: 984px) 61vw, (max-width: 1362px) 45vw, 600px\" \/><\/figure>\n\n\n\n<div class=\"wp-block-group\"><div class=\"wp-block-group__inner-container is-layout-flow wp-block-group-is-layout-flow\">\n<div class=\"wp-block-image\"><figure class=\"aligncenter size-full is-resized\"><img loading=\"lazy\" decoding=\"async\" src=\"https:\/\/nicole37.fr\/wp-content\/uploads\/2021\/10\/244416448_4459335090826799_6294211622744967754_n-1.jpg\" alt=\"\" class=\"wp-image-2645\" width=\"402\" height=\"715\" srcset=\"https:\/\/nicole37.fr\/wp-content\/uploads\/2021\/10\/244416448_4459335090826799_6294211622744967754_n-1.jpg 500w, https:\/\/nicole37.fr\/wp-content\/uploads\/2021\/10\/244416448_4459335090826799_6294211622744967754_n-1-169x300.jpg 169w\" sizes=\"auto, (max-width: 402px) 85vw, 402px\" \/><\/figure><\/div>\n<\/div><\/div>\n\n\n\n<p><strong>Deux jours apr\u00e8s le d\u00e9part pour cette aventure, le 29 mars 2007,<\/strong><strong>dans la commune de Trets (13), alors que Robin venait de gagner la course du jour,<\/strong><strong>il f\u00fbt frapp\u00e9 sur la t\u00eate par un seul et unique coup de foudre,<\/strong><strong>entendu \u00e0 plus de 20km de l\u00e0,<\/strong><strong>le laissant sans vie.<\/strong><\/p>\n\n\n\n<p>Pour lire la suite de son histoire c&rsquo;est ici : <a href=\"http:\/\/asso.robinrichard.free.fr\/articles.php?lng=fr&amp;pg=878\" data-type=\"URL\" data-id=\"http:\/\/asso.robinrichard.free.fr\/articles.php?lng=fr&amp;pg=878\">http:\/\/asso.robinrichard.free.fr\/articles.php?lng=fr&amp;pg=878<\/a><\/p>\n","protected":false},"excerpt":{"rendered":"<p>Nous apprenons avec tristesse le d\u00e9part de Robin qui nous a quitt\u00e9 et parti rejoindre les \u00e9toiles. Repose en paix mon Robin que nous appr\u00e9cions tant. Apr\u00e8s tant de souffrance, tu as su surmonter ces dures \u00e9preuves aid\u00e9s par papa et maman. Tu avais des parents super pour te prendre en charge et tu les &hellip; <a href=\"https:\/\/nicole37.fr\/?p=2641\" class=\"more-link\">Continuer la lecture<span class=\"screen-reader-text\"> de &laquo;&nbsp;DECES ROBIN RICHARD&nbsp;&raquo;<\/span><\/a><\/p>\n","protected":false},"author":1,"featured_media":0,"comment_status":"open","ping_status":"open","sticky":false,"template":"","format":"standard","meta":{"footnotes":""},"categories":[40],"tags":[],"class_list":["post-2641","post","type-post","status-publish","format-standard","hentry","category-le-handicap"],"_links":{"self":[{"href":"https:\/\/nicole37.fr\/index.php?rest_route=\/wp\/v2\/posts\/2641","targetHints":{"allow":["GET"]}}],"collection":[{"href":"https:\/\/nicole37.fr\/index.php?rest_route=\/wp\/v2\/posts"}],"about":[{"href":"https:\/\/nicole37.fr\/index.php?rest_route=\/wp\/v2\/types\/post"}],"author":[{"embeddable":true,"href":"https:\/\/nicole37.fr\/index.php?rest_route=\/wp\/v2\/users\/1"}],"replies":[{"embeddable":true,"href":"https:\/\/nicole37.fr\/index.php?rest_route=%2Fwp%2Fv2%2Fcomments&post=2641"}],"version-history":[{"count":0,"href":"https:\/\/nicole37.fr\/index.php?rest_route=\/wp\/v2\/posts\/2641\/revisions"}],"wp:attachment":[{"href":"https:\/\/nicole37.fr\/index.php?rest_route=%2Fwp%2Fv2%2Fmedia&parent=2641"}],"wp:term":[{"taxonomy":"category","embeddable":true,"href":"https:\/\/nicole37.fr\/index.php?rest_route=%2Fwp%2Fv2%2Fcategories&post=2641"},{"taxonomy":"post_tag","embeddable":true,"href":"https:\/\/nicole37.fr\/index.php?rest_route=%2Fwp%2Fv2%2Ftags&post=2641"}],"curies":[{"name":"wp","href":"https:\/\/api.w.org\/{rel}","templated":true}]}}