{"id":3434,"date":"2022-10-16T07:48:09","date_gmt":"2022-10-16T05:48:09","guid":{"rendered":"https:\/\/nicole37.fr\/?p=3434"},"modified":"2022-10-16T07:48:09","modified_gmt":"2022-10-16T05:48:09","slug":"chateau-du-loir","status":"publish","type":"post","link":"https:\/\/nicole37.fr\/?p=3434","title":{"rendered":"CHATEAU DU LOIR"},"content":{"rendered":"\n<h2 class=\"has-text-align-center wp-block-heading\">Le saviez-vous ?<\/h2>\n\n\n\n<p><strong>Fusion avec Montval sur loir.<\/strong><\/p>\n\n\n\n<p class=\"has-medium-font-size\">Ch\u00e2teau-du-Loir est une ancienne commune fran\u00e7aise, situ\u00e9e dans le d\u00e9partement de la Sarthe en r\u00e9gion Pays de la Loire, peupl\u00e9e de 4 551 habitants les Cast\u00e9loriens. Elle fait partie de la commune nouvelle Montval-sur-Loir. La commune fait partie de la province historique du Maine, et se situe dans le Haut-Maine.<\/p>\n\n\n\n<div class=\"wp-block-image\"><figure class=\"aligncenter size-large is-resized\"><img loading=\"lazy\" decoding=\"async\" src=\"https:\/\/nicole37.fr\/wp-content\/uploads\/2022\/10\/4E7F6AC9-B755-4734-8696-135039506ED9-673x1024.jpeg\" alt=\"\" class=\"wp-image-3440\" width=\"448\" height=\"681\" srcset=\"https:\/\/nicole37.fr\/wp-content\/uploads\/2022\/10\/4E7F6AC9-B755-4734-8696-135039506ED9-673x1024.jpeg 673w, https:\/\/nicole37.fr\/wp-content\/uploads\/2022\/10\/4E7F6AC9-B755-4734-8696-135039506ED9-197x300.jpeg 197w, https:\/\/nicole37.fr\/wp-content\/uploads\/2022\/10\/4E7F6AC9-B755-4734-8696-135039506ED9-768x1168.jpeg 768w, https:\/\/nicole37.fr\/wp-content\/uploads\/2022\/10\/4E7F6AC9-B755-4734-8696-135039506ED9-1010x1536.jpeg 1010w, https:\/\/nicole37.fr\/wp-content\/uploads\/2022\/10\/4E7F6AC9-B755-4734-8696-135039506ED9.jpeg 1169w\" sizes=\"auto, (max-width: 448px) 85vw, 448px\" \/><\/figure><\/div>\n\n\n\n<div class=\"wp-block-image\"><figure class=\"aligncenter size-large is-resized\"><img loading=\"lazy\" decoding=\"async\" src=\"https:\/\/nicole37.fr\/wp-content\/uploads\/2022\/10\/696B7DBE-B27F-46F8-94EA-7AA1E677E64F-631x1024.jpeg\" alt=\"\" class=\"wp-image-3441\" width=\"441\" height=\"716\" srcset=\"https:\/\/nicole37.fr\/wp-content\/uploads\/2022\/10\/696B7DBE-B27F-46F8-94EA-7AA1E677E64F-631x1024.jpeg 631w, https:\/\/nicole37.fr\/wp-content\/uploads\/2022\/10\/696B7DBE-B27F-46F8-94EA-7AA1E677E64F-185x300.jpeg 185w, https:\/\/nicole37.fr\/wp-content\/uploads\/2022\/10\/696B7DBE-B27F-46F8-94EA-7AA1E677E64F-768x1247.jpeg 768w, https:\/\/nicole37.fr\/wp-content\/uploads\/2022\/10\/696B7DBE-B27F-46F8-94EA-7AA1E677E64F-946x1536.jpeg 946w, https:\/\/nicole37.fr\/wp-content\/uploads\/2022\/10\/696B7DBE-B27F-46F8-94EA-7AA1E677E64F.jpeg 1169w\" sizes=\"auto, (max-width: 441px) 85vw, 441px\" \/><\/figure><\/div>\n\n\n\n<p><a href=\"https:\/\/www.sweetfm.fr\/commune-nouvelle-de-montval-sur-loir-objectif-plutot-rate-selon-la-chambre-regionale-des-comptes\">https:\/\/www.sweetfm.fr\/commune-nouvelle-de-montval-sur-loir-objectif-plutot-rate-selon-la-chambre-regionale-des-comptes<\/a><\/p>\n\n\n\n<p>Aux confins de l&rsquo;<a href=\"https:\/\/fr.m.wikipedia.org\/wiki\/Anjou\">Anjou<\/a>&nbsp;historique, et du&nbsp;<a href=\"https:\/\/fr.m.wikipedia.org\/wiki\/Maine_(province)\">Maine<\/a>, Ch\u00e2teau-du-Loir est situ\u00e9 aux limites du&nbsp;<a href=\"https:\/\/fr.m.wikipedia.org\/wiki\/Maine_angevin\">Maine angevin<\/a>, pr\u00e8s de la&nbsp;<a href=\"https:\/\/fr.m.wikipedia.org\/wiki\/Touraine_(province_fran%C3%A7aise)\">Touraine<\/a>. La situation g\u00e9ographique privil\u00e9gi\u00e9e du canton attira de nombreuses convoitises tout au long de l&rsquo;histoire. Les rois de France et d&rsquo;Angleterre se disput\u00e8rent cette place forte, chef-lieu d&rsquo;une s\u00e9n\u00e9chauss\u00e9e de 78&nbsp;<a href=\"https:\/\/fr.m.wikipedia.org\/wiki\/Paroisse\">paroisses<\/a>&nbsp;(<a href=\"https:\/\/fr.m.wikipedia.org\/wiki\/Doyenn%C3%A9_(christianisme)\">doyenn\u00e9<\/a>rattach\u00e9 au&nbsp;<a href=\"https:\/\/fr.m.wikipedia.org\/wiki\/Dioc%C3%A8se_du_Mans\">dioc\u00e8se du Mans<\/a>), jusqu&rsquo;en&nbsp;<a href=\"https:\/\/fr.m.wikipedia.org\/wiki\/1789\">1789<\/a>.<\/p>\n\n\n\n<p>Cette importance \u00e9tait due surtout \u00e0 sa situation g\u00e9ographique, qui lui valut d\u2019\u00eatre victime de la rivalit\u00e9 des couronnes de France et d\u2019<a href=\"https:\/\/fr.m.wikipedia.org\/wiki\/Angleterre\">Angleterre<\/a>.<\/p>\n\n\n\n<p>&#8211; Le premier seigneur<sup><a href=\"https:\/\/fr.m.wikipedia.org\/wiki\/Ch%C3%A2teau-du-Loir#cite_note-6\">[5]<\/a><\/sup>&nbsp;connu est Aimon\/Ha(i)mon&nbsp;<em>le Barbu<\/em>&nbsp;(vers 980-vers 1030), dit aussi&nbsp;<em>de La Roche-Guyon<\/em>, mari d&rsquo;Hildeburge&nbsp;<a href=\"https:\/\/fr.m.wikipedia.org\/wiki\/Famille_de_Bell%C3%AAme\">de Bell\u00eame<\/a>&nbsp;s\u0153ur de&nbsp;<a href=\"https:\/\/fr.m.wikipedia.org\/wiki\/Liste_des_%C3%A9v%C3%AAques_du_Mans\">l&rsquo;\u00e9v\u00eaque<\/a>&nbsp;<a href=\"https:\/\/fr.m.wikipedia.org\/wiki\/Avesgaud_de_Bell%C3%AAme\">Avesgaud<\/a>. Leurs enfants furent&nbsp;:&nbsp;<a href=\"https:\/\/fr.m.wikipedia.org\/wiki\/Gervais_de_Belleme\">Gervais<\/a>&nbsp;(I<sup>er<\/sup>)&nbsp;<em>dit de Bell\u00eame, de Ch\u00e2teau-du-Loir ou de La Roche-Guyon<\/em>&nbsp;(vers 1007-1067), \u00e9v\u00eaque du Mans puis&nbsp;<a href=\"https:\/\/fr.m.wikipedia.org\/wiki\/Liste_des_%C3%A9v%C3%AAques_et_archev%C3%AAques_de_Reims\">archev\u00eaque de Reims<\/a>&nbsp;et&nbsp;<a href=\"https:\/\/fr.m.wikipedia.org\/wiki\/R%C3%A9gent_de_France\">r\u00e9gent de France<\/a>&nbsp;pour le jeune&nbsp;<a href=\"https:\/\/fr.m.wikipedia.org\/wiki\/Philippe_Ier_(roi_des_Francs)\">Philippe Ier<\/a>&nbsp;; et Robert&nbsp;<em>Brochard<\/em>, sire de Ch\u00e2teau-du-Loir, n\u00e9 vers 1010, p\u00e8re lui-m\u00eame de Gervais (II), aussi seigneur de&nbsp;<a href=\"https:\/\/fr.m.wikipedia.org\/wiki\/Mayet_(Sarthe)\">Mayet<\/a>&nbsp;et de La Cour-Aimon (Coh\u00e9mon \u00e0&nbsp;<a href=\"https:\/\/fr.m.wikipedia.org\/wiki\/Vouvray-sur-Loir\">Vouvray-sur-Loir<\/a>), \u2020 vers 1095. Quand Gervais II, seigneur de Ch\u00e2teau-du-Loir, mourut sans descendance m\u00e2le vers&nbsp;<a href=\"https:\/\/fr.m.wikipedia.org\/wiki\/1095\">1095<\/a>&nbsp;(en fait, il avait eu un fils, Gervais, eccl\u00e9siastique, doyen du chapitre du Mans), la&nbsp;<a href=\"https:\/\/fr.m.wikipedia.org\/wiki\/Ch%C3%A2tellenie\">ch\u00e2tellenie<\/a>&nbsp;de Ch\u00e2teau-du-Loir passa \u00e0 sa fille Mathilde, \u2020 vers 1110,&nbsp;<a href=\"https:\/\/fr.m.wikipedia.org\/wiki\/Liste_des_comtes_puis_ducs_du_Maine\">comtesse du Maine<\/a>&nbsp;par son mariage avec H\u00e9lie de&nbsp;<a href=\"https:\/\/fr.m.wikipedia.org\/wiki\/La_Fl%C3%A8che\">La Fl\u00e8che<\/a>&nbsp;ci-apr\u00e8s. Puis elle fut poss\u00e9d\u00e9e successivement par&nbsp;<a href=\"https:\/\/fr.m.wikipedia.org\/wiki\/Geoffroy_V_d%27Anjou\">Geoffroi V le Bel<\/a>dit&nbsp;<a href=\"https:\/\/fr.m.wikipedia.org\/wiki\/Plantagen%C3%AAt\">Plantagen\u00eat<\/a>&nbsp;<a href=\"https:\/\/fr.m.wikipedia.org\/wiki\/Liste_des_comtes_et_ducs_d%27Anjou\">comte d&rsquo;Anjou<\/a>&nbsp;et&nbsp;<a href=\"https:\/\/fr.m.wikipedia.org\/wiki\/Liste_des_comtes_puis_ducs_du_Maine\">du Maine<\/a>&nbsp;(il descendait des anciens sires de Ch\u00e2teau-du-Loir par ses grands-parents maternels&nbsp;:&nbsp;<a href=\"https:\/\/fr.m.wikipedia.org\/wiki\/%C3%89lie_Ier_du_Maine\">H\u00e9lie du Maine<\/a>&nbsp;et Mathilde de Ch\u00e2teau-du-Loir qu&rsquo;on vient de rencontrer&nbsp;; il mourut en&nbsp;<a href=\"https:\/\/fr.m.wikipedia.org\/wiki\/1151\">1151<\/a>), et par les&nbsp;<a href=\"https:\/\/fr.m.wikipedia.org\/wiki\/Liste_des_monarques_d%27Angleterre\">rois d\u2019Angleterre<\/a>&nbsp;dont Geoffroi fut la souche, depuis son fils&nbsp;<a href=\"https:\/\/fr.m.wikipedia.org\/wiki\/Henri_II_d%27Angleterre\">Henri II<\/a>&nbsp;jusqu\u2019\u00e0&nbsp;<a href=\"https:\/\/fr.m.wikipedia.org\/wiki\/Jean_d%27Angleterre\">Jean sans Terre<\/a>.<\/p>\n\n\n\n<p>&#8211; La ville fut reprise par&nbsp;<a href=\"https:\/\/fr.m.wikipedia.org\/wiki\/Philippe_II_de_France\">Philippe Auguste<\/a>&nbsp;vers 1199 et fut donn\u00e9e \u00e0&nbsp;<a href=\"https:\/\/fr.m.wikipedia.org\/wiki\/Guillaume_des_Roches\">Guillaume des Roches<\/a>, s\u00e9n\u00e9chal d\u2019<a href=\"https:\/\/fr.m.wikipedia.org\/wiki\/Anjou\">Anjou<\/a>, seigneur de&nbsp;<a href=\"https:\/\/fr.m.wikipedia.org\/wiki\/Longu%C3%A9-Jumelles\">Longu\u00e9-Jumelles<\/a>, de&nbsp;<a href=\"https:\/\/fr.m.wikipedia.org\/wiki\/Sabl%C3%A9-sur-Sarthe\">Sabl\u00e9-sur-Sarthe<\/a>&nbsp;et de&nbsp;<a href=\"https:\/\/fr.m.wikipedia.org\/wiki\/La_Suze-sur-Sarthe\">La Suze<\/a>, qui en&nbsp;<a href=\"https:\/\/fr.m.wikipedia.org\/wiki\/1219\">1219<\/a>fonda l\u2019<a href=\"https:\/\/fr.m.wikipedia.org\/wiki\/Abbaye_de_Bonlieu_(Sarthe)\">abbaye de Bonlieu<\/a>. La reine&nbsp;<a href=\"https:\/\/fr.m.wikipedia.org\/wiki\/B%C3%A9rang%C3%A8re_de_Navarre\">B\u00e9rang\u00e8re<\/a>, veuve de&nbsp;<a href=\"https:\/\/fr.m.wikipedia.org\/wiki\/Richard_Ier_d%27Angleterre\">Richard C\u0153ur de Lion<\/a>, \u00e0 qui Philippe Auguste avait c\u00e9d\u00e9 le&nbsp;<a href=\"https:\/\/fr.m.wikipedia.org\/wiki\/Maine_(province)\">comt\u00e9 du Maine<\/a>&nbsp;en \u00e9change de possessions sises en&nbsp;<a href=\"https:\/\/fr.m.wikipedia.org\/wiki\/Normandie\">Normandie<\/a>&nbsp;et qui constituaient son&nbsp;<a href=\"https:\/\/fr.m.wikipedia.org\/wiki\/Douaire\">douaire<\/a>, c\u00e9da au s\u00e9n\u00e9chal d&rsquo;<a href=\"https:\/\/fr.m.wikipedia.org\/wiki\/Anjou\">Anjou<\/a>&nbsp;<a href=\"https:\/\/fr.m.wikipedia.org\/wiki\/Guillaume_des_Roches\">Guillaume des Roches<\/a>, tous ses droits comme comtesse douairi\u00e8re du Maine, tant \u00e0 Ch\u00e2teau-du-Loir que dans la&nbsp;<a href=\"https:\/\/fr.m.wikipedia.org\/wiki\/For%C3%AAt_de_Berc%C3%A9\">for\u00eat de Berc\u00e9<\/a>.&nbsp;<\/p>\n\n\n\n<p>&#8211; Alors que sa s\u0153ur a\u00een\u00e9e Jeanne des Roches passe&nbsp;<a href=\"https:\/\/fr.m.wikipedia.org\/wiki\/Ch%C3%A2teau_de_Sabl%C3%A9\">Sabl\u00e9<\/a>&nbsp;\u00e0 son mari&nbsp;<a href=\"https:\/\/fr.m.wikipedia.org\/wiki\/Amaury_Ier_de_Craon\">Amaury&nbsp;<abbr title=\"premier\">I<sup>er<\/sup><\/abbr>&nbsp;de Craon<\/a>, Cl\u00e9mence des Roches, fille du s\u00e9n\u00e9chal Guillaume, transmet Ch\u00e2teau-du-Loir, Mayet,&nbsp;<a href=\"https:\/\/fr.m.wikipedia.org\/wiki\/Louplande\">Louplande<\/a>&nbsp;et&nbsp;<a href=\"https:\/\/fr.m.wikipedia.org\/wiki\/La_Suze-sur-Sarthe\">La Suze<\/a>&nbsp;\u00e0 son mari&nbsp;<a href=\"https:\/\/fr.m.wikipedia.org\/wiki\/Liste_des_vicomtes_de_Ch%C3%A2teaudun\">Geoffroy&nbsp;<abbr title=\"6\">VI<\/abbr>&nbsp;de Ch\u00e2teaudun<\/a>. Leur fille Jeanne de Ch\u00e2teaudun \u00e9pouse&nbsp;<a href=\"https:\/\/fr.m.wikipedia.org\/wiki\/Jean_Ier_de_Montfort\">Jean de Montfort-l&rsquo;Amaury<\/a>, d&rsquo;o\u00f9&nbsp;<a href=\"https:\/\/fr.m.wikipedia.org\/wiki\/B%C3%A9atrice_de_Montfort\">B\u00e9atrice de Montfort<\/a>&nbsp;x&nbsp;<a href=\"https:\/\/fr.m.wikipedia.org\/wiki\/Robert_IV_de_Dreux\">Robert&nbsp;<abbr title=\"4\">IV<\/abbr>&nbsp;de Dreux<\/a>&nbsp;et&nbsp;<a href=\"https:\/\/fr.m.wikipedia.org\/wiki\/Liste_des_comtes_de_Braine\">de Braine<\/a>, parents de&nbsp;:&nbsp;<strong>.<\/strong>&nbsp;<a href=\"https:\/\/fr.m.wikipedia.org\/wiki\/Jean_II_de_Dreux\">Jean&nbsp;<abbr title=\"2\">II<\/abbr>&nbsp;de Dreux<\/a>, d&rsquo;o\u00f9 la suite des&nbsp;<a href=\"https:\/\/fr.m.wikipedia.org\/wiki\/Liste_des_comtes_de_Dreux\">comtes de Dreux<\/a>&nbsp;seigneurs de Ch\u00e2teau-du-Loir, le troisi\u00e8me fils de Jean II \u00e9tant le comte Pierre de Dreux ci-dessous&nbsp;;&nbsp;<strong>.<\/strong>&nbsp;et Jeanne de Dreux, comtesse de Braine et dame de La Suze, femme de&nbsp;<a href=\"https:\/\/fr.m.wikipedia.org\/wiki\/Liste_des_comtes_de_Roucy\">Jean&nbsp;<abbr title=\"4\">IV<\/abbr>&nbsp;de Roucy<\/a>, d&rsquo;o\u00f9&nbsp;:&nbsp;<strong>..<\/strong>&nbsp;la suite des comtes de Roucy et de Braine&nbsp;;&nbsp;<strong>..<\/strong>&nbsp;et B\u00e9atrice de Roucy dame de La Suze, qui \u00e9pouse&nbsp;<a href=\"https:\/\/fr.m.wikipedia.org\/wiki\/Amaury_III_de_Craon\">Amaury&nbsp;<abbr title=\"3\">III<\/abbr>&nbsp;de Craon<\/a>, arri\u00e8re-petit-fils de Jeanne des Roches dame de Sabl\u00e9 et d&rsquo;Amaury&nbsp;I<sup>er<\/sup>&nbsp;de Craon ci-dessus.&nbsp;<\/p>\n\n\n\n<p>&#8211; Justement, la branche issue de Jeanne des Roches avait gard\u00e9 un sixi\u00e8me de Ch\u00e2teau-du-Loir, et l&rsquo;h\u00e9ritier dans la premi\u00e8re moiti\u00e9 du&nbsp;<a href=\"https:\/\/fr.m.wikipedia.org\/wiki\/XIVe_si%C3%A8cle\"><abbr title=\"14\u1d49 si\u00e8cle\">xiv<sup>e<\/sup><\/abbr>&nbsp;si\u00e8cle<\/a>&nbsp;en \u00e9tait un fils cadet d&rsquo;Amaury III,&nbsp;<a href=\"https:\/\/fr.m.wikipedia.org\/wiki\/Guillaume_Ier_de_Craon\">Guillaume&nbsp;<abbr title=\"premier\">I<sup>er<\/sup><\/abbr>&nbsp;<em>le Grand<\/em><\/a>&nbsp;<a href=\"https:\/\/fr.m.wikipedia.org\/wiki\/Maison_de_Craon\">de Craon<\/a>&nbsp;<a href=\"https:\/\/fr.m.wikipedia.org\/wiki\/Liste_des_comtes_et_vicomtes_de_Ch%C3%A2teaudun\">vicomte de Ch\u00e2teaudun<\/a>. Il \u00e9changea sa part de Ch\u00e2teau-du-Loir avec son lointain cousin Pierre&nbsp;I<sup>er<\/sup>&nbsp;de Dreux fils du comte Jean&nbsp;II&nbsp;ci-dessus, contre&nbsp;<a href=\"https:\/\/fr.m.wikipedia.org\/wiki\/Domart-en-Ponthieu\">Domart-en-Ponthieu<\/a>&nbsp;\u2014&nbsp;autre fief des Dreux venu du mariage en 1210 de&nbsp;<a href=\"https:\/\/fr.m.wikipedia.org\/wiki\/Robert_III_de_Dreux\">Robert III de Dreux<\/a>&nbsp;avec A\u00e9nor de St-Valery-sur-Somme&nbsp;\u2014 afin que le comte de Dreux puisse r\u00e9unir compl\u00e8tement la baronnie de Ch\u00e2teau et la vendre avantageusement.<\/p>\n\n\n\n<p>De succession en succession, Ch\u00e2teau-du-Loir va plusieurs fois \u00e0 la Couronne&nbsp;: en mai&nbsp;<a href=\"https:\/\/fr.m.wikipedia.org\/wiki\/1337\">1337<\/a>&nbsp;\u00e0&nbsp;<a href=\"https:\/\/fr.m.wikipedia.org\/wiki\/Philippe_VI_de_France\">Philippe de Valois<\/a>, qui l\u2019ach\u00e8te 31&nbsp;000 livres \u00e0&nbsp;<a href=\"https:\/\/fr.m.wikipedia.org\/wiki\/Pierre_Ier_de_Dreux\">Pierre Ier<\/a>&nbsp;<a href=\"https:\/\/fr.m.wikipedia.org\/wiki\/Liste_des_comtes_de_Dreux\">comte de Dreux<\/a>&nbsp;ci-dessus, et la d\u00e9clare&nbsp;<a href=\"https:\/\/fr.m.wikipedia.org\/wiki\/Baronnie\">baronnie<\/a>&nbsp;\u00ab&nbsp;d\u2019aussi bonne condition que le comt\u00e9 du Maine&nbsp;\u00bb. Donn\u00e9e en apanage \u00e0&nbsp;<a href=\"https:\/\/fr.m.wikipedia.org\/wiki\/Louis_Ier_de_Naples\">Louis&nbsp;<abbr title=\"premier\">I<sup>er<\/sup><\/abbr><\/a>,&nbsp;<a href=\"https:\/\/fr.m.wikipedia.org\/wiki\/Liste_des_comtes_et_ducs_d%27Anjou\">duc d\u2019Anjou<\/a>&nbsp;et petit-fils de Philippe VI, elle est une seconde fois r\u00e9unie \u00e0 la Couronne par&nbsp;<a href=\"https:\/\/fr.m.wikipedia.org\/wiki\/Louis_XI_de_France\">Louis XI<\/a>.<\/p>\n\n\n\n<p>La&nbsp;<a href=\"https:\/\/fr.m.wikipedia.org\/wiki\/Guerre_de_Cent_Ans\">guerre de Cent Ans<\/a>&nbsp;n\u2019\u00e9pargnera pas la ville fortifi\u00e9e qui fut pill\u00e9e et d\u00e9truite par les Anglais. Au&nbsp;<a href=\"https:\/\/fr.m.wikipedia.org\/wiki\/XVIe_si%C3%A8cle\"><abbr title=\"16\u1d49 si\u00e8cle\">xvi<sup>e<\/sup><\/abbr>&nbsp;si\u00e8cle<\/a>, Ch\u00e2teau-du-Loir reprendra un nouvel essor et deviendra un centre important, pour l\u2019\u00e9poque, de fabrication de toiles, de filatures et de tanneries.<\/p>\n\n\n\n<p>Lors de la cr\u00e9ation de la&nbsp;<a href=\"https:\/\/fr.m.wikipedia.org\/wiki\/G%C3%A9n%C3%A9ralit%C3%A9_de_Tours\">g\u00e9n\u00e9ralit\u00e9 de Tours<\/a>&nbsp;au&nbsp;xvi<sup>e<\/sup>&nbsp;si\u00e8cle, Ch\u00e2teau-du-Loir, de par sa situation g\u00e9ographique et historique \u00e9troitement li\u00e9e \u00e0 l&rsquo;Anjou et au&nbsp;<a href=\"https:\/\/fr.m.wikipedia.org\/wiki\/Maine_(province)\">Maine<\/a>, devient le si\u00e8ge d\u2019un gouvernement particulier avec un gouverneur et un&nbsp;<a href=\"https:\/\/fr.m.wikipedia.org\/wiki\/Lieutenant_du_roi\">lieutenant du roi<\/a>, Ch\u00e2teau-du-Loir \u00e9tait avant 1789 le chef-lieu d\u2019une&nbsp;<a href=\"https:\/\/fr.m.wikipedia.org\/wiki\/Bailliage_et_s%C3%A9n%C3%A9chauss%C3%A9e\">s\u00e9n\u00e9chauss\u00e9e<\/a>&nbsp;qui \u00e9tendait sa juridiction sur 78 paroisses, d&rsquo;une \u00e9lection dont d\u00e9pendaient 83 paroisses, d\u2019une&nbsp;<a href=\"https:\/\/fr.m.wikipedia.org\/wiki\/Table_de_marbre\">ma\u00eetrise des eaux<\/a>,&nbsp;<a href=\"https:\/\/fr.m.wikipedia.org\/wiki\/Grenier_%C3%A0_sel\">grenier \u00e0 sel<\/a>, recette des tailles, entrep\u00f4t de&nbsp;<a href=\"https:\/\/fr.m.wikipedia.org\/wiki\/Tabac\">tabac<\/a>&nbsp;qui en faisaient une des villes frontali\u00e8res les plus importantes entre les provinces du Maine et de l&rsquo;Anjou.&nbsp;<\/p>\n\n\n\n<p>En&nbsp;<a href=\"https:\/\/fr.m.wikipedia.org\/wiki\/1790\">1790<\/a>, lors de la cr\u00e9ation des d\u00e9partements fran\u00e7ais, la commune de Ch\u00e2teau-du-Loir, tout comme d&rsquo;autres villes du nord de l&rsquo;<a href=\"https:\/\/fr.m.wikipedia.org\/wiki\/Anjou\">Anjou<\/a>, telles que&nbsp;<a href=\"https:\/\/fr.m.wikipedia.org\/wiki\/Le_Lude\">Le Lude<\/a>&nbsp;et&nbsp;<a href=\"https:\/\/fr.m.wikipedia.org\/wiki\/La_Fl%C3%A8che\">La Fl\u00e8che<\/a>, est rattach\u00e9e au nouveau d\u00e9partement de la&nbsp;<a href=\"https:\/\/fr.m.wikipedia.org\/wiki\/Sarthe_(d%C3%A9partement)\">Sarthe<\/a>. Elle fut chef-lieu de&nbsp;<a href=\"https:\/\/fr.m.wikipedia.org\/wiki\/District_de_Ch%C3%A2teau-du-Loir\">district<\/a>&nbsp;de&nbsp;<a href=\"https:\/\/fr.m.wikipedia.org\/wiki\/1790\">1790<\/a>&nbsp;\u00e0&nbsp;<a href=\"https:\/\/fr.m.wikipedia.org\/wiki\/1795\">1795<\/a>.<\/p>\n\n\n\n<p>Au moment de la&nbsp;<a href=\"https:\/\/fr.m.wikipedia.org\/wiki\/R%C3%A9volution_fran%C3%A7aise\">R\u00e9volution<\/a>, Ch\u00e2teau-du-Loir perdit plus de 50&nbsp;% de sa population.<\/p>\n\n\n\n<p>Avec la R\u00e9volution, Ch\u00e2teau-du-Loir marqua le pas. M\u00eame, un d\u00e9clin certain s&rsquo;installa, qui ne s&rsquo;acheva qu&rsquo;au&nbsp;<a href=\"https:\/\/fr.m.wikipedia.org\/wiki\/XIXe_si%C3%A8cle\"><abbr title=\"19\u1d49 si\u00e8cle\">xix<sup>e<\/sup><\/abbr>&nbsp;si\u00e8cle<\/a>&nbsp;avec l&rsquo;<a href=\"https:\/\/fr.m.wikipedia.org\/wiki\/Histoire_des_chemins_de_fer_fran%C3%A7ais\">apparition du chemin de fer<\/a>&nbsp;et la cr\u00e9ation d&rsquo;un d\u00e9p\u00f4t ferroviaire, rendant \u00e0 Ch\u00e2teau-du-Loir et ses alentours une nouvelle vigueur \u00e9conomique.L&rsquo;activit\u00e9 nouvelle permettra alors aux petites industries et aux artisans de d\u00e9velopper leur commerce.<\/p>\n\n\n\n<p>On ne peut parler de l\u2019histoire de Ch\u00e2teau-du-Loir sans rappeler qu\u2019\u00e0 la p\u00e9riode brillante de la&nbsp;<a href=\"https:\/\/fr.m.wikipedia.org\/wiki\/Renaissance_artistique\">Renaissance<\/a>&nbsp;les hommes de lettres de&nbsp;<a href=\"https:\/\/fr.m.wikipedia.org\/wiki\/Pl%C3%A9iade_(XVIe_si%C3%A8cle)\">la Pl\u00e9iade<\/a>s\u2019y rencontraient&nbsp;:&nbsp;<a href=\"https:\/\/fr.m.wikipedia.org\/wiki\/Pierre_de_Ronsard\">Ronsard de Couture<\/a>, qui fut prieur de Saint-Guingalois (l\u2019\u00e9glise) de 1569 \u00e0 1585,&nbsp;<a href=\"https:\/\/fr.m.wikipedia.org\/wiki\/Honorat_de_Bueil_de_Racan\">Racan de Bueil<\/a>, les fr\u00e8res Lazarre,&nbsp;<a href=\"https:\/\/fr.m.wikipedia.org\/wiki\/Jean-Antoine_de_Ba%C3%AFf\">Antoine de Ba\u00eff de Mang\u00e9<\/a>,&nbsp;<a href=\"https:\/\/fr.m.wikipedia.org\/wiki\/Joachim_du_Bellay\">Joachim du Bellay<\/a>&nbsp;et m\u00eame parfois&nbsp;<a href=\"https:\/\/fr.m.wikipedia.org\/wiki\/Jacques_Peletier_du_Mans\">Jacques Peletier du Mans<\/a>.<\/p>\n\n\n\n<p>On doit \u00e9galement citer, par souci de m\u00e9moire, certaines figures glorieuses ou tristement c\u00e9l\u00e8bres originaires de Ch\u00e2teau-du-Loir ou ayant marqu\u00e9 ce lieu, comme&nbsp;:<\/p>\n\n\n\n<p><strong><a href=\"https:\/\/fr.m.wikipedia.org\/wiki\/Sim%C3%A9on-Fran%C3%A7ois_Berneux\">Sim\u00e9on-Fran\u00e7ois Berneux<\/a><\/strong>, n\u00e9 le 14 mai 1814 \u00e0 Ch\u00e2teau-du-Loir et mort le 7 mars 1866 \u00e0&nbsp;<a href=\"https:\/\/fr.m.wikipedia.org\/wiki\/S%C3%A9oul\">S\u00e9oul<\/a>en Cor\u00e9e. Pr\u00eatre des&nbsp;<a href=\"https:\/\/fr.m.wikipedia.org\/wiki\/Missions_%C3%A9trang%C3%A8res_de_Paris\">Missions \u00e9trang\u00e8res de Paris<\/a>, ordonn\u00e9&nbsp;<a href=\"https:\/\/fr.m.wikipedia.org\/wiki\/%C3%89v%C3%AAque\">\u00e9v\u00eaque<\/a>&nbsp;en 1854. Il fait partie des&nbsp;<a href=\"https:\/\/fr.m.wikipedia.org\/wiki\/Martyrs_de_Cor%C3%A9e\">martyrs de Cor\u00e9e<\/a>, b\u00e9atifi\u00e9s le 6 octobre 1968 \u00e0 Rome par&nbsp;<a href=\"https:\/\/fr.m.wikipedia.org\/wiki\/Paul_VI\">Paul VI<\/a>. Il est canonis\u00e9 le 6 mai 1984 par Jean-Paul II.<\/p>\n\n\n\n<p><strong><a href=\"https:\/\/fr.m.wikipedia.org\/wiki\/Pierre_Le_Monnier\">Pierre Le Monnier<\/a><\/strong>, n\u00e9 le 6 septembre 1814 au Lude et d\u00e9c\u00e9d\u00e9 le 11 janvier 1895. Cet homme engag\u00e9, m\u00e9decin des pauvres, r\u00e9publicain de c\u0153ur, pers\u00e9cut\u00e9 par le r\u00e9gime de&nbsp;<a href=\"https:\/\/fr.m.wikipedia.org\/wiki\/Napol%C3%A9on_III\">Napol\u00e9on III<\/a>, fut d\u00e9port\u00e9 comme ennemi du Second Empire et emprisonn\u00e9 \u00e0&nbsp;<a href=\"https:\/\/fr.m.wikipedia.org\/wiki\/Mostaganem\">Mostaganem<\/a>&nbsp;(ville alg\u00e9rienne faisant alors partie des colonies). De retour \u00e0 Ch\u00e2teau-du-Loir en 1870, apr\u00e8s la lib\u00e9ration des prisonniers politiques du&nbsp;<a href=\"https:\/\/fr.m.wikipedia.org\/wiki\/Second_Empire\">Second Empire<\/a>&nbsp;par la&nbsp;<a href=\"https:\/\/fr.m.wikipedia.org\/wiki\/Troisi%C3%A8me_R%C3%A9publique_(France)\">Troisi\u00e8me R\u00e9publique<\/a>, il devient repr\u00e9sentant du canton au&nbsp;<a href=\"https:\/\/fr.m.wikipedia.org\/wiki\/Conseil_d%C3%A9partemental\">Conseil g\u00e9n\u00e9ral<\/a>&nbsp;puis en 1871 vice-pr\u00e9sident de cette assembl\u00e9e, et en 1872 il est \u00e9lu maire de Ch\u00e2teau-du-Loir. Par deux fois \u00e9lu d\u00e9put\u00e9 de la Sarthe (circonscription de Saint-Calais&nbsp;; de 1876 \u00e0 1882), il est \u00e9lu s\u00e9nateur en janvier 1882<sup><a href=\"https:\/\/fr.m.wikipedia.org\/wiki\/Ch%C3%A2teau-du-Loir#cite_note-7\">[6]<\/a><\/sup>. Durant ses diff\u00e9rents mandats il a beaucoup \u0153uvr\u00e9 pour dynamiser le canton et la r\u00e9gion.<\/p>\n\n\n\n<p><strong><a href=\"https:\/\/fr.m.wikipedia.org\/wiki\/Pierre_Loutrel\">Pierre Loutrel<\/a><\/strong>, n\u00e9 le 5 mars 1916 \u00e0 Ch\u00e2teau-du-Loir et plus connu sous le nom de \u00ab&nbsp;Pierrot le Fou&nbsp;\u00bb. Premier&nbsp;<a href=\"https:\/\/fr.wiktionary.org\/wiki\/ennemi_public\">ennemi public<\/a>&nbsp;fran\u00e7ais et l&rsquo;un des meneurs du&nbsp;<a href=\"https:\/\/fr.m.wikipedia.org\/wiki\/Gang_des_Tractions_Avant\">gang des Tractions Avant<\/a>. Meurtrier opportuniste, il est successivement membre de la&nbsp;<a href=\"https:\/\/fr.m.wikipedia.org\/wiki\/Gestapo_fran%C3%A7aise\">Gestapo fran\u00e7aise<\/a>&nbsp;durant&nbsp;<a href=\"https:\/\/fr.m.wikipedia.org\/wiki\/Occupation_de_la_France_par_l%27Allemagne_(Seconde_Guerre_mondiale)\">l\u2019Occupation allemande<\/a>&nbsp;de 1941 \u00e0 1944, ex\u00e9cuteur des basses \u0153uvres pour les Allemands, pendant qu&rsquo;il r\u00e8gle en m\u00eame temps ses comptes avec la p\u00e8gre de l\u2019\u00e9poque au profit de son propre r\u00e9seau. Devenu encombrant pour la&nbsp;<a href=\"https:\/\/fr.m.wikipedia.org\/wiki\/Gestapo\">Gestapo<\/a>&nbsp;allemande, et sentant le vent tourner, il d\u00e9cide de rejoindre la&nbsp;<a href=\"https:\/\/fr.m.wikipedia.org\/wiki\/R%C3%A9sistance_fran%C3%A7aise\">R\u00e9sistance fran\u00e7aise<\/a>&nbsp;en int\u00e9grant le&nbsp;<a href=\"https:\/\/fr.m.wikipedia.org\/wiki\/R%C3%A9seau_Morhange\">r\u00e9seau Morhange<\/a>. Il fait alors parler de lui lors de l\u2019ex\u00e9cution d\u2019un officier allemand \u00e0 la terrasse d&rsquo;un caf\u00e9 de Toulouse. \u00c0 la Lib\u00e9ration il rejoint le&nbsp;<a href=\"https:\/\/fr.m.wikipedia.org\/wiki\/Grand_banditisme\">grand banditisme<\/a>&nbsp;et se forge une r\u00e9putation de \u00ab&nbsp;ca\u00efd&nbsp;\u00bb. Il forme le \u00ab&nbsp;gang des Tractions Avant&nbsp;\u00bb \u00e0 bord desquelles il m\u00e8ne ses braquages. Il meurt en 1946 lors d\u2019un braquage.<\/p>\n","protected":false},"excerpt":{"rendered":"<p>Le saviez-vous ? Fusion avec Montval sur loir. Ch\u00e2teau-du-Loir est une ancienne commune fran\u00e7aise, situ\u00e9e dans le d\u00e9partement de la Sarthe en r\u00e9gion Pays de la Loire, peupl\u00e9e de 4 551 habitants les Cast\u00e9loriens. Elle fait partie de la commune nouvelle Montval-sur-Loir. La commune fait partie de la province historique du Maine, et se situe &hellip; <a href=\"https:\/\/nicole37.fr\/?p=3434\" class=\"more-link\">Continuer la lecture<span class=\"screen-reader-text\"> de &laquo;&nbsp;CHATEAU DU LOIR&nbsp;&raquo;<\/span><\/a><\/p>\n","protected":false},"author":1,"featured_media":0,"comment_status":"open","ping_status":"open","sticky":false,"template":"","format":"standard","meta":{"footnotes":""},"categories":[10],"tags":[],"class_list":["post-3434","post","type-post","status-publish","format-standard","hentry","category-bon-a-savoir"],"_links":{"self":[{"href":"https:\/\/nicole37.fr\/index.php?rest_route=\/wp\/v2\/posts\/3434","targetHints":{"allow":["GET"]}}],"collection":[{"href":"https:\/\/nicole37.fr\/index.php?rest_route=\/wp\/v2\/posts"}],"about":[{"href":"https:\/\/nicole37.fr\/index.php?rest_route=\/wp\/v2\/types\/post"}],"author":[{"embeddable":true,"href":"https:\/\/nicole37.fr\/index.php?rest_route=\/wp\/v2\/users\/1"}],"replies":[{"embeddable":true,"href":"https:\/\/nicole37.fr\/index.php?rest_route=%2Fwp%2Fv2%2Fcomments&post=3434"}],"version-history":[{"count":0,"href":"https:\/\/nicole37.fr\/index.php?rest_route=\/wp\/v2\/posts\/3434\/revisions"}],"wp:attachment":[{"href":"https:\/\/nicole37.fr\/index.php?rest_route=%2Fwp%2Fv2%2Fmedia&parent=3434"}],"wp:term":[{"taxonomy":"category","embeddable":true,"href":"https:\/\/nicole37.fr\/index.php?rest_route=%2Fwp%2Fv2%2Fcategories&post=3434"},{"taxonomy":"post_tag","embeddable":true,"href":"https:\/\/nicole37.fr\/index.php?rest_route=%2Fwp%2Fv2%2Ftags&post=3434"}],"curies":[{"name":"wp","href":"https:\/\/api.w.org\/{rel}","templated":true}]}}