{"id":4397,"date":"2023-12-05T08:51:40","date_gmt":"2023-12-05T07:51:40","guid":{"rendered":"https:\/\/nicole37.fr\/?p=4397"},"modified":"2023-12-05T08:51:40","modified_gmt":"2023-12-05T07:51:40","slug":"poitiers-capitale-de-la-belgique","status":"publish","type":"post","link":"https:\/\/nicole37.fr\/?p=4397","title":{"rendered":"POITIERS CAPITALE DE LA BELGIQUE"},"content":{"rendered":"\n<h2 class=\"wp-block-heading\">Le saviez-vous ?<\/h2>\n\n\n\n<p class=\"has-medium-font-size\">Le 23 mai 1940, ils choisissent Poitiers comme lieu d&rsquo;asile.&nbsp;<strong>Pendant 26 jours, Poitiers devient la capitale de la Belgique<\/strong>&nbsp;! Un petit salut \u00e0 nos Belges en passant !<\/p>\n\n\n\n<p class=\"has-medium-font-size\">Je viens de l&rsquo;apprendre moi-m\u00eame et tr\u00e8s \u00e9tonn\u00e9e. Je ne le savais pas en effet. La preuve qu&rsquo;internet n&rsquo;a pas que du mauvais, on apprend \u00e9galement beaucoup de choses, on se documente et c&rsquo;est appr\u00e9ciable.<\/p>\n\n\n<div class=\"wp-block-image\">\n<figure class=\"aligncenter size-large is-resized\"><img loading=\"lazy\" decoding=\"async\" width=\"1024\" height=\"620\" src=\"https:\/\/nicole37.fr\/wp-content\/uploads\/2023\/12\/Capture-decran-2023-12-05-a-08.48.21-1024x620.png\" alt=\"\" class=\"wp-image-4399\" style=\"aspect-ratio:1.6516129032258065;width:467px;height:auto\" srcset=\"https:\/\/nicole37.fr\/wp-content\/uploads\/2023\/12\/Capture-decran-2023-12-05-a-08.48.21-1024x620.png 1024w, https:\/\/nicole37.fr\/wp-content\/uploads\/2023\/12\/Capture-decran-2023-12-05-a-08.48.21-300x182.png 300w, https:\/\/nicole37.fr\/wp-content\/uploads\/2023\/12\/Capture-decran-2023-12-05-a-08.48.21-768x465.png 768w, https:\/\/nicole37.fr\/wp-content\/uploads\/2023\/12\/Capture-decran-2023-12-05-a-08.48.21-1200x726.png 1200w, https:\/\/nicole37.fr\/wp-content\/uploads\/2023\/12\/Capture-decran-2023-12-05-a-08.48.21.png 1378w\" sizes=\"auto, (max-width: 709px) 85vw, (max-width: 909px) 67vw, (max-width: 1362px) 62vw, 840px\" \/><\/figure>\n<\/div>\n\n\n<p class=\"has-text-align-center\"><strong><em>Carte personnelle.<\/em><\/strong><\/p>\n\n\n\n<p class=\"has-medium-font-size\">Regardez sur ce lien et \u00e9couter  : <\/p>\n\n\n\n<p><a href=\"https:\/\/www.francebleu.fr\/poitiers-capitale-de-la-belgique-1371543983\"><strong>https:\/\/www.francebleu.fr\/poitiers-capitale-de-la-belgique-1371543983<\/strong><\/a><\/p>\n","protected":false},"excerpt":{"rendered":"<p>Le saviez-vous ? Le 23 mai 1940, ils choisissent Poitiers comme lieu d&rsquo;asile.&nbsp;Pendant 26 jours, Poitiers devient la capitale de la Belgique&nbsp;! Un petit salut \u00e0 nos Belges en passant ! Je viens de l&rsquo;apprendre moi-m\u00eame et tr\u00e8s \u00e9tonn\u00e9e. Je ne le savais pas en effet. La preuve qu&rsquo;internet n&rsquo;a pas que du mauvais, on &hellip; <a href=\"https:\/\/nicole37.fr\/?p=4397\" class=\"more-link\">Continuer la lecture<span class=\"screen-reader-text\"> de &laquo;&nbsp;POITIERS CAPITALE DE LA BELGIQUE&nbsp;&raquo;<\/span><\/a><\/p>\n","protected":false},"author":1,"featured_media":0,"comment_status":"open","ping_status":"open","sticky":false,"template":"","format":"standard","meta":{"footnotes":""},"categories":[10,31],"tags":[],"class_list":["post-4397","post","type-post","status-publish","format-standard","hentry","category-bon-a-savoir","category-histoire-de-france"],"_links":{"self":[{"href":"https:\/\/nicole37.fr\/index.php?rest_route=\/wp\/v2\/posts\/4397","targetHints":{"allow":["GET"]}}],"collection":[{"href":"https:\/\/nicole37.fr\/index.php?rest_route=\/wp\/v2\/posts"}],"about":[{"href":"https:\/\/nicole37.fr\/index.php?rest_route=\/wp\/v2\/types\/post"}],"author":[{"embeddable":true,"href":"https:\/\/nicole37.fr\/index.php?rest_route=\/wp\/v2\/users\/1"}],"replies":[{"embeddable":true,"href":"https:\/\/nicole37.fr\/index.php?rest_route=%2Fwp%2Fv2%2Fcomments&post=4397"}],"version-history":[{"count":0,"href":"https:\/\/nicole37.fr\/index.php?rest_route=\/wp\/v2\/posts\/4397\/revisions"}],"wp:attachment":[{"href":"https:\/\/nicole37.fr\/index.php?rest_route=%2Fwp%2Fv2%2Fmedia&parent=4397"}],"wp:term":[{"taxonomy":"category","embeddable":true,"href":"https:\/\/nicole37.fr\/index.php?rest_route=%2Fwp%2Fv2%2Fcategories&post=4397"},{"taxonomy":"post_tag","embeddable":true,"href":"https:\/\/nicole37.fr\/index.php?rest_route=%2Fwp%2Fv2%2Ftags&post=4397"}],"curies":[{"name":"wp","href":"https:\/\/api.w.org\/{rel}","templated":true}]}}