{"id":499,"date":"2019-06-24T23:11:24","date_gmt":"2019-06-24T21:11:24","guid":{"rendered":"https:\/\/nicole37.fr\/?p=499"},"modified":"2019-06-24T23:11:24","modified_gmt":"2019-06-24T21:11:24","slug":"canicule-juin-2019","status":"publish","type":"post","link":"https:\/\/nicole37.fr\/?p=499","title":{"rendered":"CANICULE JUIN 2019"},"content":{"rendered":"\n<ul class=\"wp-block-gallery columns-1 is-cropped wp-block-gallery-1 is-layout-flex wp-block-gallery-is-layout-flex\"><li class=\"blocks-gallery-item\"><figure><img decoding=\"async\" src=\"https:\/\/nicole37.fr\/wp-content\/uploads\/2019\/06\/Capture-d\u2019e\u0301cran-2019-06-24-a\u0300-23.08.05-1024x633.png\" alt=\"\" data-id=\"503\" data-link=\"https:\/\/nicole37.fr\/?attachment_id=503\" class=\"wp-image-503\"\/><\/figure><\/li><\/ul>\n\n\n\n<p class=\"has-medium-font-size\">Cette canicule \u00e9tait annonc\u00e9e depuis quelque temps. Ils nous avaient bien pr\u00e9dit une chaleur accablante, ce qui arrive en ce moment. Celle-ci est m\u00eame pr\u00e9vue plus importante que 2003.<\/p>\n\n\n\n<p class=\"has-medium-font-size\"><strong>Canicule de 2003 <\/strong>: <\/p>\n\n\n\n<p>La&nbsp;<strong><a href=\"https:\/\/fr.wikipedia.org\/wiki\/Canicule\">canicule<\/a>&nbsp;<a href=\"https:\/\/fr.wikipedia.org\/wiki\/Europe_(continent)\">europ\u00e9enne<\/a>&nbsp;de 2003<\/strong>&nbsp;est un \u00e9v\u00e9nement climatique d&rsquo;ampleur exceptionnelle survenu de juin \u00e0 ao\u00fbt 2003 et qui a \u00e9t\u00e9 marqu\u00e9 par de nombreux&nbsp;<a href=\"https:\/\/fr.wikipedia.org\/wiki\/Records_de_temp%C3%A9rature_sur_Terre\">records de temp\u00e9rature<\/a>&nbsp;au cours de la premi\u00e8re quinzaine du mois d&rsquo;ao\u00fbt. Cette canicule a suivi un&nbsp;<a href=\"https:\/\/fr.wikipedia.org\/wiki\/Printemps\">printemps<\/a>&nbsp;exceptionnellement chaud et sec o\u00f9 les temp\u00e9ratures atteignent \u00e0 certains endroits d\u00e9j\u00e0&nbsp;30&nbsp;<abbr title=\"degr\u00e9 Celsius\">\u00b0C<\/abbr>&nbsp;fin avril. Cette canicule importante associ\u00e9e \u00e0 une s\u00e9cheresse record rappelle la&nbsp;<a href=\"https:\/\/fr.wikipedia.org\/wiki\/Vague_de_chaleur_de_l%27%C3%A9t%C3%A9_1947_en_Europe\">vague de chaleur de l&rsquo;\u00e9t\u00e9 1947 en Europe<\/a>&nbsp;et la&nbsp;<a href=\"https:\/\/fr.wikipedia.org\/wiki\/S%C3%A9cheresse_de_1976\">s\u00e9cheresse de 1976<\/a>.<\/p>\n\n\n\n<p>Dans certains pays, comme la\u00a0<a href=\"https:\/\/fr.wikipedia.org\/wiki\/France\">France<\/a>\u00a0ou le\u00a0<a href=\"https:\/\/fr.wikipedia.org\/wiki\/Portugal\">Portugal<\/a>, les cons\u00e9quences sur les\u00a0<a href=\"https:\/\/fr.wikipedia.org\/wiki\/%C3%89cosyst%C3%A8me\">\u00e9cosyst\u00e8mes<\/a>, la\u00a0<a href=\"https:\/\/fr.wikipedia.org\/wiki\/Population\">population<\/a>, et les\u00a0<a href=\"https:\/\/fr.wikipedia.org\/wiki\/Infrastructure\">infrastructures<\/a>\u00a0sont importantes et provoquent une\u00a0<a href=\"https:\/\/fr.wikipedia.org\/wiki\/Crise_politique\">crise politique<\/a>. Dans la plupart des stations m\u00e9t\u00e9orologiques, le mercure a atteint ou d\u00e9pass\u00e9\u00a040\u00a0<abbr title=\"degr\u00e9 Celsius\">\u00b0C<\/abbr>.<\/p>\n\n\n\n<p class=\"has-medium-font-size\">Pendant toute la semaine, la canicule se fera sentir avec des temp\u00e9ratures \u00e9lev\u00e9es ne baissant pas la nuit ou tr\u00e8s peu. Ce qui va occasionner diff\u00e9rents am\u00e9nagements tant au niveau travail que pour les scolaires. Les \u00e9preuves du brevet pr\u00e9vues les 27 et 28 Juin 2019 seront repouss\u00e9es aux dates suivantes : Du lundi 1er Juillet   au Mardi 2 Juillet. Les sorties scolaires sont annul\u00e9es. <\/p>\n\n\n\n<p><a href=\"http:\/\/www.leparisien.fr\/societe\/canicule-des-enseignants-demandent-la-fermeture-des-ecoles-24-06-2019-8101485.php\">http:\/\/www.leparisien.fr\/societe\/canicule-des-enseignants-demandent-la-fermeture-des-ecoles-24-06-2019-8101485.php<\/a><\/p>\n\n\n\n<p><a href=\"https:\/\/www.marianne.net\/societe\/alerte-meteo-canicule-juin-2019-ressenti\">https:\/\/www.marianne.net\/societe\/alerte-meteo-canicule-juin-2019-ressenti<\/a><\/p>\n\n\n\n<p class=\"has-medium-font-size\">53 D\u00e9partements en alerte orange : <a href=\"https:\/\/www.marianne.net\/societe\/alerte-meteo-canicule-juin-2019-ressenti\">https:\/\/www.marianne.net\/societe\/alerte-meteo-canicule-juin-2019-ressenti<\/a><\/p>\n\n\n\n<p style=\"color:#e63bd0\" class=\"has-text-color\">PRESERVEZ-VOUS EN BUVANT BEAUCOUP, EN RESTANT AU FRAIS TANT QUE POSSIBLE, PAS DE SPORT VIOLENT.<\/p>\n","protected":false},"excerpt":{"rendered":"<p>Cette canicule \u00e9tait annonc\u00e9e depuis quelque temps. Ils nous avaient bien pr\u00e9dit une chaleur accablante, ce qui arrive en ce moment. Celle-ci est m\u00eame pr\u00e9vue plus importante que 2003. Canicule de 2003 : La&nbsp;canicule&nbsp;europ\u00e9enne&nbsp;de 2003&nbsp;est un \u00e9v\u00e9nement climatique d&rsquo;ampleur exceptionnelle survenu de juin \u00e0 ao\u00fbt 2003 et qui a \u00e9t\u00e9 marqu\u00e9 par de nombreux&nbsp;records de &hellip; <a href=\"https:\/\/nicole37.fr\/?p=499\" class=\"more-link\">Continuer la lecture<span class=\"screen-reader-text\"> de &laquo;&nbsp;CANICULE JUIN 2019&nbsp;&raquo;<\/span><\/a><\/p>\n","protected":false},"author":1,"featured_media":0,"comment_status":"open","ping_status":"open","sticky":false,"template":"","format":"standard","meta":{"footnotes":""},"categories":[3],"tags":[],"class_list":["post-499","post","type-post","status-publish","format-standard","hentry","category-uncategorized"],"_links":{"self":[{"href":"https:\/\/nicole37.fr\/index.php?rest_route=\/wp\/v2\/posts\/499","targetHints":{"allow":["GET"]}}],"collection":[{"href":"https:\/\/nicole37.fr\/index.php?rest_route=\/wp\/v2\/posts"}],"about":[{"href":"https:\/\/nicole37.fr\/index.php?rest_route=\/wp\/v2\/types\/post"}],"author":[{"embeddable":true,"href":"https:\/\/nicole37.fr\/index.php?rest_route=\/wp\/v2\/users\/1"}],"replies":[{"embeddable":true,"href":"https:\/\/nicole37.fr\/index.php?rest_route=%2Fwp%2Fv2%2Fcomments&post=499"}],"version-history":[{"count":0,"href":"https:\/\/nicole37.fr\/index.php?rest_route=\/wp\/v2\/posts\/499\/revisions"}],"wp:attachment":[{"href":"https:\/\/nicole37.fr\/index.php?rest_route=%2Fwp%2Fv2%2Fmedia&parent=499"}],"wp:term":[{"taxonomy":"category","embeddable":true,"href":"https:\/\/nicole37.fr\/index.php?rest_route=%2Fwp%2Fv2%2Fcategories&post=499"},{"taxonomy":"post_tag","embeddable":true,"href":"https:\/\/nicole37.fr\/index.php?rest_route=%2Fwp%2Fv2%2Ftags&post=499"}],"curies":[{"name":"wp","href":"https:\/\/api.w.org\/{rel}","templated":true}]}}