{"id":554,"date":"2019-07-27T21:59:24","date_gmt":"2019-07-27T19:59:24","guid":{"rendered":"https:\/\/nicole37.fr\/?p=554"},"modified":"2019-07-27T21:59:24","modified_gmt":"2019-07-27T19:59:24","slug":"canicule-de-juillet-2019","status":"publish","type":"post","link":"https:\/\/nicole37.fr\/?p=554","title":{"rendered":"CANICULE DE JUILLET 2019"},"content":{"rendered":"\n<p class=\"has-medium-font-size\">Que dire de cette canicule de ce mois de juillet qui faisait suite \u00e0 celle de juin ?<\/p>\n\n\n\n<p class=\"has-medium-font-size\">En tout cas elle nous aura bien fait souffrir sur tous les points. Pour les travailleurs sur des chantiers : couvreurs, ma\u00e7ons etc. Je ne peux citer ici tous les m\u00e9tiers p\u00e9nibles mais il y en a beaucoup&#8230; il aura fallu s\u2019adapter \u00e0 toutes les situations de corps de m\u00e9tiers.&nbsp;<\/p>\n\n\n\n<p class=\"has-medium-font-size\">Et je pense que ces temp\u00e9ratures que nous avons connues vont se r\u00e9p\u00e9ter de plus en plus souvent.&nbsp; Le r\u00e9chauffement de la plan\u00e8te n\u2019est pas anodin avec la fa\u00e7on dont nous vivons actuellement. Il faut donc faire le n\u00e9cessaire pour am\u00e9liorer et faire en sorte que nous n\u2019aboutissons \u00e0 une catastrophe mondiale.<\/p>\n\n\n\n<p><strong>LES DIFF\u00c9RENTES DATES DE CES CANICULES<\/strong> \ud83e\udd75&nbsp;<\/p>\n\n\n\n<p class=\"has-medium-font-size\">1976 &#8211; 1983 &#8211; 1993 &#8211; 2003 &#8211; 2006 &#8211; 2015 &#8211; 2018 &#8211; 2019<\/p>\n\n\n\n<p class=\"has-medium-font-size\">Donc les \u00e9carts entre ces canicules sont significatives je trouve.<\/p>\n\n\n\n<p class=\"has-medium-font-size\">7 ans &#8211; 10 ans &#8211; 10 ans &#8211; 3 ans &#8211; 9ans &#8211; 3 ans &#8211; 1an.&nbsp;<\/p>\n\n\n\n<ul class=\"wp-block-gallery columns-1 is-cropped wp-block-gallery-1 is-layout-flex wp-block-gallery-is-layout-flex\"><li class=\"blocks-gallery-item\"><figure><img decoding=\"async\" src=\"https:\/\/nicole37.fr\/wp-content\/uploads\/2019\/07\/7869056-12215719-683x1024.jpg\" alt=\"\" data-id=\"555\" data-link=\"https:\/\/nicole37.fr\/?attachment_id=555\" class=\"wp-image-555\"\/><\/figure><\/li><\/ul>\n","protected":false},"excerpt":{"rendered":"<p>Que dire de cette canicule de ce mois de juillet qui faisait suite \u00e0 celle de juin ? En tout cas elle nous aura bien fait souffrir sur tous les points. Pour les travailleurs sur des chantiers : couvreurs, ma\u00e7ons etc. Je ne peux citer ici tous les m\u00e9tiers p\u00e9nibles mais il y en a &hellip; <a href=\"https:\/\/nicole37.fr\/?p=554\" class=\"more-link\">Continuer la lecture<span class=\"screen-reader-text\"> de &laquo;&nbsp;CANICULE DE JUILLET 2019&nbsp;&raquo;<\/span><\/a><\/p>\n","protected":false},"author":1,"featured_media":0,"comment_status":"open","ping_status":"open","sticky":false,"template":"","format":"standard","meta":{"footnotes":""},"categories":[3],"tags":[],"class_list":["post-554","post","type-post","status-publish","format-standard","hentry","category-uncategorized"],"_links":{"self":[{"href":"https:\/\/nicole37.fr\/index.php?rest_route=\/wp\/v2\/posts\/554","targetHints":{"allow":["GET"]}}],"collection":[{"href":"https:\/\/nicole37.fr\/index.php?rest_route=\/wp\/v2\/posts"}],"about":[{"href":"https:\/\/nicole37.fr\/index.php?rest_route=\/wp\/v2\/types\/post"}],"author":[{"embeddable":true,"href":"https:\/\/nicole37.fr\/index.php?rest_route=\/wp\/v2\/users\/1"}],"replies":[{"embeddable":true,"href":"https:\/\/nicole37.fr\/index.php?rest_route=%2Fwp%2Fv2%2Fcomments&post=554"}],"version-history":[{"count":0,"href":"https:\/\/nicole37.fr\/index.php?rest_route=\/wp\/v2\/posts\/554\/revisions"}],"wp:attachment":[{"href":"https:\/\/nicole37.fr\/index.php?rest_route=%2Fwp%2Fv2%2Fmedia&parent=554"}],"wp:term":[{"taxonomy":"category","embeddable":true,"href":"https:\/\/nicole37.fr\/index.php?rest_route=%2Fwp%2Fv2%2Fcategories&post=554"},{"taxonomy":"post_tag","embeddable":true,"href":"https:\/\/nicole37.fr\/index.php?rest_route=%2Fwp%2Fv2%2Ftags&post=554"}],"curies":[{"name":"wp","href":"https:\/\/api.w.org\/{rel}","templated":true}]}}