{"id":6267,"date":"2024-10-30T15:53:17","date_gmt":"2024-10-30T14:53:17","guid":{"rendered":"https:\/\/nicole37.fr\/?p=6267"},"modified":"2024-10-30T15:53:17","modified_gmt":"2024-10-30T14:53:17","slug":"tueur-en-serie-tours-2001","status":"publish","type":"post","link":"https:\/\/nicole37.fr\/?p=6267","title":{"rendered":"TUEUR EN SERIE &#8211; TOURS 2001"},"content":{"rendered":"\n<p><strong>Nous sommes le 30, et hier \u00e9tait l&rsquo;anniversaire de ce drame. Article pr\u00e9par\u00e9, je le poste donc aujourd&rsquo;hui<\/strong>, <strong>en souvenir de ce massacre qui a caus\u00e9  une grande  terreur dans toute la ville ce jour l\u00e0.<\/strong><\/p>\n\n\n\n<h6 class=\"wp-block-heading has-small-font-size\">Le lundi 29 octobre 2001, Jean-Pierre Roux-Durraffourt, habitant de CHAMBRAY-LES-TOURS,&nbsp;<a href=\"https:\/\/fr.wikipedia.org\/wiki\/Chambray-l%C3%A8s-Tours\"><\/a>cheminot et conducteur d&rsquo;engins passionn\u00e9 de tir (il s&rsquo;entra\u00eene r\u00e9guli\u00e8rement avec sa carabine 22 long rifle dans un stand de tir sportif \u00e0 CHANCEAUX SUR CHOISILLE<a href=\"https:\/\/fr.wikipedia.org\/wiki\/Chanceaux-sur-Choisille\"><\/a>, p\u00e8re de 3 enfants, divorc\u00e9 (depuis 1999) et vivant plus ou moins isol\u00e9, sort en voiture dans les rues de Tours apr\u00e8s une altercation avec son fils<a href=\"https:\/\/fr.wikipedia.org\/wiki\/Tuerie_de_Tours#cite_note-1\"><\/a>. Alors qu&rsquo;il est v\u00eatu d\u2019une veste de chasse en cuir marron huil\u00e9e et d\u2019un jean, il gare sa voiture&nbsp;en centre-ville, enfile une cagoule et prend la carabine 22 long-rifle&nbsp;qui \u00e9tait dans sa voiture.<a href=\"https:\/\/fr.wikipedia.org\/wiki\/Tuerie_de_Tours#cite_note-2\"><\/a><\/h6>\n\n\n\n<p>Pendant 30 minutes il se d\u00e9place dans les rues de Tours et tire au hasard sur les passants dans un rayon de 300 m\u00e8tres autour de l&rsquo;H\u00f4tel de Ville de Tours. Jean-Pierre Roux-Durraffourt tue une premi\u00e8re victime de 48 ans, puis deux hommes, \u00e2g\u00e9s de 59 et 66 ans<a href=\"https:\/\/fr.wikipedia.org\/wiki\/Tuerie_de_Tours#cite_note-Lib%C3%A9-3\">3<\/a>. L&rsquo;homme tire \u00e9galement sur des voitures, des magasins, des forces de l&rsquo;ordre&nbsp;: il fait sept bless\u00e9s dont trois policiers et un gendarme<a href=\"https:\/\/fr.wikipedia.org\/wiki\/Tuerie_de_Tours#cite_note-Obs-4\">4<\/a>. Une m\u00e8re de 2 enfants a d\u00e9cid\u00e9 de suivre l&rsquo;attaquant; cette personne n&rsquo;a pas \u00e9t\u00e9 tu\u00e9e ni bless\u00e9e.<\/p>\n\n\n\n<p>Le forcen\u00e9 se d\u00e9place ensuite boulevard Heurteloup et il abat d&rsquo;une seule balle une quatri\u00e8me personne de 33 ans. Il se r\u00e9fugie ensuite dans un des parkings souterrains de la ville situ\u00e9 entre la&nbsp; gare de Tours et le&nbsp;Centre International du Congr\u00e9 Vinci.  Le centre-ville est alors ferm\u00e9 tandis que la police p\u00e9n\u00e8tre dans le parking souterrain. Cach\u00e9 derri\u00e8re une voiture, il hurle \u00ab&nbsp;je veux un avion pour Kaboul&nbsp;\u00bb.&nbsp;Deux policiers du&nbsp;commissariat de Tours&nbsp;l&rsquo;appr\u00e9hendent apr\u00e8s l&rsquo;avoir bless\u00e9 au&nbsp;thorax.<\/p>\n\n\n<div class=\"wp-block-image\">\n<figure class=\"aligncenter size-large is-resized\"><img loading=\"lazy\" decoding=\"async\" width=\"768\" height=\"1024\" src=\"https:\/\/nicole37.fr\/wp-content\/uploads\/2024\/10\/STELE-TUERIE-TOURS-768x1024.jpeg\" alt=\"\" class=\"wp-image-6269\" style=\"width:408px;height:auto\" srcset=\"https:\/\/nicole37.fr\/wp-content\/uploads\/2024\/10\/STELE-TUERIE-TOURS-768x1024.jpeg 768w, https:\/\/nicole37.fr\/wp-content\/uploads\/2024\/10\/STELE-TUERIE-TOURS-225x300.jpeg 225w, https:\/\/nicole37.fr\/wp-content\/uploads\/2024\/10\/STELE-TUERIE-TOURS-1152x1536.jpeg 1152w, https:\/\/nicole37.fr\/wp-content\/uploads\/2024\/10\/STELE-TUERIE-TOURS-1536x2048.jpeg 1536w, https:\/\/nicole37.fr\/wp-content\/uploads\/2024\/10\/STELE-TUERIE-TOURS-1200x1600.jpeg 1200w, https:\/\/nicole37.fr\/wp-content\/uploads\/2024\/10\/STELE-TUERIE-TOURS-1320x1760.jpeg 1320w, https:\/\/nicole37.fr\/wp-content\/uploads\/2024\/10\/STELE-TUERIE-TOURS-scaled.jpeg 1920w\" sizes=\"auto, (max-width: 709px) 85vw, (max-width: 909px) 67vw, (max-width: 984px) 61vw, (max-width: 1362px) 45vw, 600px\" \/><\/figure>\n<\/div>\n\n\n<p class=\"has-text-align-center has-small-font-size\"><strong>              <em>St\u00e8le install\u00e9e sur le boulevard b\u00e9ra<\/em><\/strong>nger <em><strong>(en face du palais de justice) en souvenirs des victimes.<\/strong><\/em><\/p>\n\n\n\n<p class=\"has-text-align-center has-small-font-size\">(<strong>Photo personnelle<\/strong>)<\/p>\n\n\n\n<p>Le 29 Octobre 2021 \u00ab\u00a0Hommage aux victimes\u00a0\u00bb. Voir ici : <a href=\"https:\/\/www.lanouvellerepublique.fr\/tours\/tuerie-de-tours-vingt-ans-apres-la-ville-rend-un-nouvel-hommage-aux-victimes\">https:\/\/www.lanouvellerepublique.fr\/tours\/tuerie-de-tours-vingt-ans-apres-la-ville-rend-un-nouvel-hommage-aux-victimes<\/a><\/p>\n\n\n\n<p><strong><em>Le 29 octobre 2001, la tuerie de Tours faisait quatre morts et sept bless\u00e9s. Condamn\u00e9 \u00e0 la r\u00e9clusion criminelle \u00e0 perp\u00e9tuit\u00e9 assortie d&rsquo;une p\u00e9riode de s\u00fbret\u00e9 de 22 ans, le tireur peut d\u00e9sormais faire une demande de remise en libert\u00e9. Une r\u00e9alit\u00e9 inacceptable pour la veuve d&rsquo;une victime.<\/em><\/strong><\/p>\n\n\n\n<p>22 Ans apr\u00e8s la veuve d&rsquo;une victime s&rsquo;inqui\u00e8te de la lib\u00e9ration de ce tueur en s\u00e9rie. Ce que je comprends, fort bien, moi aussi, apr\u00e8s un tel drame.<\/p>\n\n\n\n<p><a href=\"https:\/\/www.francebleu.fr\/infos\/faits-divers-justice\/22-ans-apres-la-tuerie-de-tours-la-veuve-d-une-victime-s-inquiete-de-l-eventuelle-remise-en-liberte-du-tireur-2332940\">https:\/\/www.francebleu.fr\/infos\/faits-divers-justice\/22-ans-apres-la-tuerie-de-tours-la-veuve-d-une-victime-s-inquiete-de-l-eventuelle-remise-en-liberte-du-tireur-2332940<\/a><\/p>\n","protected":false},"excerpt":{"rendered":"<p>Nous sommes le 30, et hier \u00e9tait l&rsquo;anniversaire de ce drame. Article pr\u00e9par\u00e9, je le poste donc aujourd&rsquo;hui, en souvenir de ce massacre qui a caus\u00e9 une grande terreur dans toute la ville ce jour l\u00e0. Le lundi 29 octobre 2001, Jean-Pierre Roux-Durraffourt, habitant de CHAMBRAY-LES-TOURS,&nbsp;cheminot et conducteur d&rsquo;engins passionn\u00e9 de tir (il s&rsquo;entra\u00eene r\u00e9guli\u00e8rement &hellip; <a href=\"https:\/\/nicole37.fr\/?p=6267\" class=\"more-link\">Continuer la lecture<span class=\"screen-reader-text\"> de &laquo;&nbsp;TUEUR EN SERIE &#8211; TOURS 2001&nbsp;&raquo;<\/span><\/a><\/p>\n","protected":false},"author":1,"featured_media":0,"comment_status":"open","ping_status":"open","sticky":false,"template":"","format":"standard","meta":{"footnotes":""},"categories":[3,137],"tags":[],"class_list":["post-6267","post","type-post","status-publish","format-standard","hentry","category-uncategorized","category-tueur-en-serie-tours"],"_links":{"self":[{"href":"https:\/\/nicole37.fr\/index.php?rest_route=\/wp\/v2\/posts\/6267","targetHints":{"allow":["GET"]}}],"collection":[{"href":"https:\/\/nicole37.fr\/index.php?rest_route=\/wp\/v2\/posts"}],"about":[{"href":"https:\/\/nicole37.fr\/index.php?rest_route=\/wp\/v2\/types\/post"}],"author":[{"embeddable":true,"href":"https:\/\/nicole37.fr\/index.php?rest_route=\/wp\/v2\/users\/1"}],"replies":[{"embeddable":true,"href":"https:\/\/nicole37.fr\/index.php?rest_route=%2Fwp%2Fv2%2Fcomments&post=6267"}],"version-history":[{"count":10,"href":"https:\/\/nicole37.fr\/index.php?rest_route=\/wp\/v2\/posts\/6267\/revisions"}],"predecessor-version":[{"id":6379,"href":"https:\/\/nicole37.fr\/index.php?rest_route=\/wp\/v2\/posts\/6267\/revisions\/6379"}],"wp:attachment":[{"href":"https:\/\/nicole37.fr\/index.php?rest_route=%2Fwp%2Fv2%2Fmedia&parent=6267"}],"wp:term":[{"taxonomy":"category","embeddable":true,"href":"https:\/\/nicole37.fr\/index.php?rest_route=%2Fwp%2Fv2%2Fcategories&post=6267"},{"taxonomy":"post_tag","embeddable":true,"href":"https:\/\/nicole37.fr\/index.php?rest_route=%2Fwp%2Fv2%2Ftags&post=6267"}],"curies":[{"name":"wp","href":"https:\/\/api.w.org\/{rel}","templated":true}]}}