{"id":6697,"date":"2025-01-17T08:41:38","date_gmt":"2025-01-17T07:41:38","guid":{"rendered":"https:\/\/nicole37.fr\/?p=6697"},"modified":"2025-01-17T08:41:38","modified_gmt":"2025-01-17T07:41:38","slug":"la-clinique-du-parc-chambray-les-tours","status":"publish","type":"post","link":"https:\/\/nicole37.fr\/?p=6697","title":{"rendered":"LA CLINIQUE DU PARC (CHAMBRAY LES TOURS)"},"content":{"rendered":"\n<p class=\"has-medium-font-size\"><strong><em>Qui se souviens de cette clinique ? <\/em><\/strong><\/p>\n\n\n\n<figure class=\"wp-block-image size-large\"><img loading=\"lazy\" decoding=\"async\" width=\"1024\" height=\"279\" src=\"https:\/\/nicole37.fr\/wp-content\/uploads\/2025\/01\/Capture-decran-2025-01-17-a-08.29.10-1024x279.png\" alt=\"\" class=\"wp-image-6708\" srcset=\"https:\/\/nicole37.fr\/wp-content\/uploads\/2025\/01\/Capture-decran-2025-01-17-a-08.29.10-1024x279.png 1024w, https:\/\/nicole37.fr\/wp-content\/uploads\/2025\/01\/Capture-decran-2025-01-17-a-08.29.10-300x82.png 300w, https:\/\/nicole37.fr\/wp-content\/uploads\/2025\/01\/Capture-decran-2025-01-17-a-08.29.10-768x210.png 768w, https:\/\/nicole37.fr\/wp-content\/uploads\/2025\/01\/Capture-decran-2025-01-17-a-08.29.10-1536x419.png 1536w, https:\/\/nicole37.fr\/wp-content\/uploads\/2025\/01\/Capture-decran-2025-01-17-a-08.29.10-1200x327.png 1200w, https:\/\/nicole37.fr\/wp-content\/uploads\/2025\/01\/Capture-decran-2025-01-17-a-08.29.10-1320x360.png 1320w, https:\/\/nicole37.fr\/wp-content\/uploads\/2025\/01\/Capture-decran-2025-01-17-a-08.29.10.png 1942w\" sizes=\"auto, (max-width: 709px) 85vw, (max-width: 909px) 67vw, (max-width: 1362px) 62vw, 840px\" \/><\/figure>\n\n\n\n<p>Pour ceux qui habitent  actuellement \u00e0 Tours  ou y ont v\u00e9cu, cette clinique \u00e9tait tr\u00e8s connue dans les ann\u00e9es 1973\/74 et tr\u00e8s r\u00e9put\u00e9e.<\/p>\n\n\n\n<p>L&rsquo;inauguration a eu lieu le 7 D\u00e9cembre 1973 et d\u00e8s son ouverture celle-ci   y a vu de nombreuses naissances, dont ma fille \u00e0 l&rsquo;\u00e9poque, puis les ann\u00e9es qui ont suivies \u00e9galement.<\/p>\n\n\n\n<p>Je me suis renseign\u00e9e aux archives d\u00e9partementales, pour conna\u00eetre sa date de cr\u00e9ation et en quelle ann\u00e9e cette clinique a fusionn\u00e9 avec d&rsquo;autres \u00e9tablissement similaires. Et voici la r\u00e9ponse que je vous retranscrit : <\/p>\n\n\n\n<p>\u00ab\u00a0<em><strong>La Clinique du Parc, qui se trouvait 12 all\u00e9e des Tilleuls \u00e0 Chambray-l\u00e8s-Tours, a fusionn\u00e9 en 2008 avec trois autres cliniques tourangelles pour former le P\u00f4le Sant\u00e9 Vinci 1 avenue Alexandre Minkowski \u00e0 Chambray-l\u00e8s-Tours (t\u00e9l\u00a0:\u00a002 47 22 21 11).<\/strong><\/em><\/p>\n\n\n\n<p><strong><em>Nous conservons les dossiers de l\u2019architecte Jacques Boille qui a construit cette clinique en 1972-1973.<\/em><\/strong> <\/p>\n\n\n\n<p><strong><em>La date d\u2019inauguration appara\u00eet sur le carton ci-joint\u00a0: 7 d\u00e9cembre 1973&Prime;<\/em><\/strong>.<\/p>\n\n\n\n<div data-wp-interactive=\"core\/file\" class=\"wp-block-file\"><object data-wp-bind--hidden=\"!state.hasPdfPreview\" hidden class=\"wp-block-file__embed\" data=\"https:\/\/nicole37.fr\/wp-content\/uploads\/2025\/01\/FRAD037_30J1974_Carton_inauguration_clinique_du_Parc_1973.pdf\" type=\"application\/pdf\" style=\"width:100%;height:600px\" aria-label=\"Contenu embarqu\u00e9 FRAD037_30J1974_Carton_inauguration_clinique_du_Parc_1973.\"><\/object><a id=\"wp-block-file--media-f31fcf4e-164e-4345-958b-ef3961ad2f6e\" href=\"https:\/\/nicole37.fr\/wp-content\/uploads\/2025\/01\/FRAD037_30J1974_Carton_inauguration_clinique_du_Parc_1973.pdf\">FRAD037_30J1974_Carton_inauguration_clinique_du_Parc_1973<\/a><a href=\"https:\/\/nicole37.fr\/wp-content\/uploads\/2025\/01\/FRAD037_30J1974_Carton_inauguration_clinique_du_Parc_1973.pdf\" class=\"wp-block-file__button wp-element-button\" download aria-describedby=\"wp-block-file--media-f31fcf4e-164e-4345-958b-ef3961ad2f6e\">T\u00e9l\u00e9charger<\/a><\/div>\n\n\n<div class=\"wp-block-image\">\n<figure class=\"aligncenter size-large is-resized\"><img loading=\"lazy\" decoding=\"async\" width=\"876\" height=\"1024\" src=\"https:\/\/nicole37.fr\/wp-content\/uploads\/2025\/01\/4C204C80-509B-4414-8E03-97CC4BC6C900-876x1024.jpeg\" alt=\"\" class=\"wp-image-6705\" style=\"width:371px;height:auto\" srcset=\"https:\/\/nicole37.fr\/wp-content\/uploads\/2025\/01\/4C204C80-509B-4414-8E03-97CC4BC6C900-876x1024.jpeg 876w, https:\/\/nicole37.fr\/wp-content\/uploads\/2025\/01\/4C204C80-509B-4414-8E03-97CC4BC6C900-257x300.jpeg 257w, https:\/\/nicole37.fr\/wp-content\/uploads\/2025\/01\/4C204C80-509B-4414-8E03-97CC4BC6C900-768x897.jpeg 768w, https:\/\/nicole37.fr\/wp-content\/uploads\/2025\/01\/4C204C80-509B-4414-8E03-97CC4BC6C900.jpeg 1099w\" sizes=\"auto, (max-width: 709px) 85vw, (max-width: 909px) 67vw, (max-width: 1362px) 62vw, 840px\" \/><figcaption class=\"wp-element-caption\">                     <strong>Article NR37 du 19 D\u00e9cembre 2024.<\/strong><\/figcaption><\/figure>\n<\/div>","protected":false},"excerpt":{"rendered":"<p>Qui se souviens de cette clinique ? Pour ceux qui habitent actuellement \u00e0 Tours ou y ont v\u00e9cu, cette clinique \u00e9tait tr\u00e8s connue dans les ann\u00e9es 1973\/74 et tr\u00e8s r\u00e9put\u00e9e. L&rsquo;inauguration a eu lieu le 7 D\u00e9cembre 1973 et d\u00e8s son ouverture celle-ci y a vu de nombreuses naissances, dont ma fille \u00e0 l&rsquo;\u00e9poque, puis &hellip; <a href=\"https:\/\/nicole37.fr\/?p=6697\" class=\"more-link\">Continuer la lecture<span class=\"screen-reader-text\"> de &laquo;&nbsp;LA CLINIQUE DU PARC (CHAMBRAY LES TOURS)&nbsp;&raquo;<\/span><\/a><\/p>\n","protected":false},"author":1,"featured_media":0,"comment_status":"open","ping_status":"open","sticky":false,"template":"","format":"standard","meta":{"footnotes":""},"categories":[10,177],"tags":[],"class_list":["post-6697","post","type-post","status-publish","format-standard","hentry","category-bon-a-savoir","category-clinique-du-parc-chambray-les-tours"],"_links":{"self":[{"href":"https:\/\/nicole37.fr\/index.php?rest_route=\/wp\/v2\/posts\/6697","targetHints":{"allow":["GET"]}}],"collection":[{"href":"https:\/\/nicole37.fr\/index.php?rest_route=\/wp\/v2\/posts"}],"about":[{"href":"https:\/\/nicole37.fr\/index.php?rest_route=\/wp\/v2\/types\/post"}],"author":[{"embeddable":true,"href":"https:\/\/nicole37.fr\/index.php?rest_route=\/wp\/v2\/users\/1"}],"replies":[{"embeddable":true,"href":"https:\/\/nicole37.fr\/index.php?rest_route=%2Fwp%2Fv2%2Fcomments&post=6697"}],"version-history":[{"count":7,"href":"https:\/\/nicole37.fr\/index.php?rest_route=\/wp\/v2\/posts\/6697\/revisions"}],"predecessor-version":[{"id":6709,"href":"https:\/\/nicole37.fr\/index.php?rest_route=\/wp\/v2\/posts\/6697\/revisions\/6709"}],"wp:attachment":[{"href":"https:\/\/nicole37.fr\/index.php?rest_route=%2Fwp%2Fv2%2Fmedia&parent=6697"}],"wp:term":[{"taxonomy":"category","embeddable":true,"href":"https:\/\/nicole37.fr\/index.php?rest_route=%2Fwp%2Fv2%2Fcategories&post=6697"},{"taxonomy":"post_tag","embeddable":true,"href":"https:\/\/nicole37.fr\/index.php?rest_route=%2Fwp%2Fv2%2Ftags&post=6697"}],"curies":[{"name":"wp","href":"https:\/\/api.w.org\/{rel}","templated":true}]}}