{"id":678,"date":"2019-11-01T21:39:25","date_gmt":"2019-11-01T20:39:25","guid":{"rendered":"https:\/\/nicole37.fr\/?p=678"},"modified":"2019-11-01T21:39:25","modified_gmt":"2019-11-01T20:39:25","slug":"le-tilleul","status":"publish","type":"post","link":"https:\/\/nicole37.fr\/?p=678","title":{"rendered":"LE TILLEUL"},"content":{"rendered":"\n<figure class=\"wp-block-image\"><img decoding=\"async\" src=\"https:\/\/nicole37.fr\/wp-content\/uploads\/2020\/05\/Capture-d\u2019e\u0301cran-2020-05-21-a\u0300-22.14.07-1024x870.png\" alt=\"\" class=\"wp-image-1179\"\/><figcaption>                                                                                     <strong> Le Tilleul <\/strong><\/figcaption><\/figure>\n\n\n\n<p class=\"has-medium-font-size\">Symbole toi aussi par ta pr\u00e9sence dans notre cour, tu nous\nfaisais de l\u2019ombre par p\u00e9riode de grandes chaleurs. Mais les ann\u00e9es passant, tu\nas vieilli comme nous et pris de l\u2019\u00e2ge au fil des ans. <\/p>\n\n\n\n<p class=\"has-medium-font-size\">Mes vacances pass\u00e9es ici avec ce tilleul plein de vie \u00e0 l\u2019\u00e9poque, je t\u2019ai vu \u00e9voluer, grandir, grossir au fil du temps. Mais par la suite, te voyant tous les jours, je me suis aper\u00e7u que tu avais vraiment grandi et \u00e9largi et que tu avais besoin d\u2019un petit \u00e9lagage pour ne pas te confondre avec les fils \u00e9lectriques haute tension qui se trouvaient au-dessus de toi. Ce qui fut fait. De temps en temps tu en avais besoin comme les humains vont chez le coiffeur. <\/p>\n\n\n\n<div class=\"wp-block-image\"><figure class=\"aligncenter is-resized\"><img loading=\"lazy\" decoding=\"async\" src=\"https:\/\/nicole37.fr\/wp-content\/uploads\/2019\/11\/Sans-titre-1.jpg\" alt=\"\" class=\"wp-image-680\" width=\"372\" height=\"280\"\/><\/figure><\/div>\n\n\n\n<p class=\"has-medium-font-size\">Toi qui as connu toutes ces d\u00e9cennies le jour est venu o\u00f9\nnous \u00e9tions oblig\u00e9s de se s\u00e9parer de toi. Tu \u00e9tais devenu malade, sec et creux\nde l\u2019int\u00e9rieur \u00e9galement. <\/p>\n\n\n\n<p class=\"has-medium-font-size\">C\u2019est en 2013 que tu nous as quitt\u00e9 mais tu resteras grav\u00e9 \u00e0 jamais.  <\/p>\n\n\n\n<p style=\"text-align:right\" class=\"has-medium-font-size\">N.B.<\/p>\n\n\n\n<p><\/p>\n","protected":false},"excerpt":{"rendered":"<p>Symbole toi aussi par ta pr\u00e9sence dans notre cour, tu nous faisais de l\u2019ombre par p\u00e9riode de grandes chaleurs. Mais les ann\u00e9es passant, tu as vieilli comme nous et pris de l\u2019\u00e2ge au fil des ans. Mes vacances pass\u00e9es ici avec ce tilleul plein de vie \u00e0 l\u2019\u00e9poque, je t\u2019ai vu \u00e9voluer, grandir, grossir au &hellip; <a href=\"https:\/\/nicole37.fr\/?p=678\" class=\"more-link\">Continuer la lecture<span class=\"screen-reader-text\"> de &laquo;&nbsp;LE TILLEUL&nbsp;&raquo;<\/span><\/a><\/p>\n","protected":false},"author":1,"featured_media":0,"comment_status":"open","ping_status":"open","sticky":false,"template":"","format":"standard","meta":{"footnotes":""},"categories":[75],"tags":[],"class_list":["post-678","post","type-post","status-publish","format-standard","hentry","category-les-arbres-parlent"],"_links":{"self":[{"href":"https:\/\/nicole37.fr\/index.php?rest_route=\/wp\/v2\/posts\/678","targetHints":{"allow":["GET"]}}],"collection":[{"href":"https:\/\/nicole37.fr\/index.php?rest_route=\/wp\/v2\/posts"}],"about":[{"href":"https:\/\/nicole37.fr\/index.php?rest_route=\/wp\/v2\/types\/post"}],"author":[{"embeddable":true,"href":"https:\/\/nicole37.fr\/index.php?rest_route=\/wp\/v2\/users\/1"}],"replies":[{"embeddable":true,"href":"https:\/\/nicole37.fr\/index.php?rest_route=%2Fwp%2Fv2%2Fcomments&post=678"}],"version-history":[{"count":0,"href":"https:\/\/nicole37.fr\/index.php?rest_route=\/wp\/v2\/posts\/678\/revisions"}],"wp:attachment":[{"href":"https:\/\/nicole37.fr\/index.php?rest_route=%2Fwp%2Fv2%2Fmedia&parent=678"}],"wp:term":[{"taxonomy":"category","embeddable":true,"href":"https:\/\/nicole37.fr\/index.php?rest_route=%2Fwp%2Fv2%2Fcategories&post=678"},{"taxonomy":"post_tag","embeddable":true,"href":"https:\/\/nicole37.fr\/index.php?rest_route=%2Fwp%2Fv2%2Ftags&post=678"}],"curies":[{"name":"wp","href":"https:\/\/api.w.org\/{rel}","templated":true}]}}