{"id":6997,"date":"2025-03-02T11:34:02","date_gmt":"2025-03-02T10:34:02","guid":{"rendered":"https:\/\/nicole37.fr\/?p=6997"},"modified":"2025-03-02T11:34:02","modified_gmt":"2025-03-02T10:34:02","slug":"fete-des-grands-meres","status":"publish","type":"post","link":"https:\/\/nicole37.fr\/?p=6997","title":{"rendered":"FETE DES GRANDS-MERES"},"content":{"rendered":"\n<p>Nous sommes le Dimanche 2 mars et nous f\u00eatons  toutes les mamies. En esp\u00e9rant une bonne journ\u00e9e.<\/p>\n\n\n\n<p class=\"has-white-color has-dark-red-background-color has-text-color has-background has-link-color wp-elements-a69b8cc5cffaeb6de7a09bc12bc8e4ea\"><strong><em>Son  origine est purement commerciale&nbsp;: elle a \u00e9t\u00e9 cr\u00e9\u00e9e par une marque de caf\u00e9&nbsp;en&nbsp;1987, puis a connu un certain succ\u00e8s.<br><\/em><\/strong><\/p>\n\n\n\n<p><strong>Historique :<\/strong> <\/p>\n\n\n\n<p>La premi\u00e8re f\u00eate des grands-m\u00e8res a lieu en&nbsp;<strong>1987<\/strong>&nbsp;\u00e0 l&rsquo;initiative de l&rsquo;association \u00ab&nbsp;F\u00eate des grand-m\u00e8res&nbsp;\u00bb, cr\u00e9\u00e9e par&nbsp;\u00ab\u00a0Caf\u00e9 Grand-M\u00e8re\u00a0\u00bb, une marque de caf\u00e9 fran\u00e7aise originaire de Roubaix., appartenant \u00e0 l&rsquo;\u00e9poque au groupe agroalimentaire Jacob Suchard. Roland Monica, alors Directeur de la marque, est \u00e0 l&rsquo;origine de l&rsquo;op\u00e9ration.<\/p>\n\n\n\n<figure class=\"wp-block-image size-full is-resized\"><img loading=\"lazy\" decoding=\"async\" width=\"700\" height=\"600\" src=\"https:\/\/nicole37.fr\/wp-content\/uploads\/2025\/03\/fete-des-grands-meres_006.jpg\" alt=\"\" class=\"wp-image-6999\" style=\"width:516px;height:auto\" srcset=\"https:\/\/nicole37.fr\/wp-content\/uploads\/2025\/03\/fete-des-grands-meres_006.jpg 700w, https:\/\/nicole37.fr\/wp-content\/uploads\/2025\/03\/fete-des-grands-meres_006-300x257.jpg 300w\" sizes=\"auto, (max-width: 709px) 85vw, (max-width: 909px) 67vw, (max-width: 984px) 61vw, (max-width: 1362px) 45vw, 600px\" \/><\/figure>\n\n\n<div class=\"wp-block-image\">\n<figure class=\"aligncenter size-full is-resized\"><img loading=\"lazy\" decoding=\"async\" width=\"197\" height=\"148\" src=\"https:\/\/nicole37.fr\/wp-content\/uploads\/2025\/03\/download.jpg\" alt=\"\" class=\"wp-image-7000\" style=\"width:260px;height:auto\"\/><\/figure>\n<\/div>\n\n\n<p><br><\/p>\n","protected":false},"excerpt":{"rendered":"<p>Nous sommes le Dimanche 2 mars et nous f\u00eatons toutes les mamies. En esp\u00e9rant une bonne journ\u00e9e. Son origine est purement commerciale&nbsp;: elle a \u00e9t\u00e9 cr\u00e9\u00e9e par une marque de caf\u00e9&nbsp;en&nbsp;1987, puis a connu un certain succ\u00e8s. Historique : La premi\u00e8re f\u00eate des grands-m\u00e8res a lieu en&nbsp;1987&nbsp;\u00e0 l&rsquo;initiative de l&rsquo;association \u00ab&nbsp;F\u00eate des grand-m\u00e8res&nbsp;\u00bb, cr\u00e9\u00e9e par&nbsp;\u00ab\u00a0Caf\u00e9 &hellip; <a href=\"https:\/\/nicole37.fr\/?p=6997\" class=\"more-link\">Continuer la lecture<span class=\"screen-reader-text\"> de &laquo;&nbsp;FETE DES GRANDS-MERES&nbsp;&raquo;<\/span><\/a><\/p>\n","protected":false},"author":1,"featured_media":0,"comment_status":"open","ping_status":"open","sticky":false,"template":"","format":"standard","meta":{"footnotes":""},"categories":[211,29],"tags":[],"class_list":["post-6997","post","type-post","status-publish","format-standard","hentry","category-fete-des-grands-meres","category-fetes"],"_links":{"self":[{"href":"https:\/\/nicole37.fr\/index.php?rest_route=\/wp\/v2\/posts\/6997","targetHints":{"allow":["GET"]}}],"collection":[{"href":"https:\/\/nicole37.fr\/index.php?rest_route=\/wp\/v2\/posts"}],"about":[{"href":"https:\/\/nicole37.fr\/index.php?rest_route=\/wp\/v2\/types\/post"}],"author":[{"embeddable":true,"href":"https:\/\/nicole37.fr\/index.php?rest_route=\/wp\/v2\/users\/1"}],"replies":[{"embeddable":true,"href":"https:\/\/nicole37.fr\/index.php?rest_route=%2Fwp%2Fv2%2Fcomments&post=6997"}],"version-history":[{"count":3,"href":"https:\/\/nicole37.fr\/index.php?rest_route=\/wp\/v2\/posts\/6997\/revisions"}],"predecessor-version":[{"id":7002,"href":"https:\/\/nicole37.fr\/index.php?rest_route=\/wp\/v2\/posts\/6997\/revisions\/7002"}],"wp:attachment":[{"href":"https:\/\/nicole37.fr\/index.php?rest_route=%2Fwp%2Fv2%2Fmedia&parent=6997"}],"wp:term":[{"taxonomy":"category","embeddable":true,"href":"https:\/\/nicole37.fr\/index.php?rest_route=%2Fwp%2Fv2%2Fcategories&post=6997"},{"taxonomy":"post_tag","embeddable":true,"href":"https:\/\/nicole37.fr\/index.php?rest_route=%2Fwp%2Fv2%2Ftags&post=6997"}],"curies":[{"name":"wp","href":"https:\/\/api.w.org\/{rel}","templated":true}]}}