{"id":7160,"date":"2025-03-24T09:16:03","date_gmt":"2025-03-24T08:16:03","guid":{"rendered":"https:\/\/nicole37.fr\/?p=7160"},"modified":"2025-03-24T09:16:03","modified_gmt":"2025-03-24T08:16:03","slug":"marthe-villalonga","status":"publish","type":"post","link":"https:\/\/nicole37.fr\/?p=7160","title":{"rendered":"MARTHE VILLALONGA"},"content":{"rendered":"\n<p>Qui a connu cette actrice ? <\/p>\n\n\n\n<p><a href=\"https:\/\/www.gala.fr\/stars_et_gotha\/date\/20_03\"> <\/a><strong>N\u00e9e le 20\/03\/1932 (93 ans) \u00e0 Alger<\/strong><\/p>\n\n\n\n<figure class=\"wp-block-image size-full is-resized\"><img loading=\"lazy\" decoding=\"async\" width=\"768\" height=\"1024\" src=\"https:\/\/nicole37.fr\/wp-content\/uploads\/2025\/03\/d65f73170a2da3ac1cee5de8c633a3b8c589a827b7a946a804ab024ff8159a52.webp\" alt=\"\" class=\"wp-image-7161\" style=\"width:300px;height:auto\" srcset=\"https:\/\/nicole37.fr\/wp-content\/uploads\/2025\/03\/d65f73170a2da3ac1cee5de8c633a3b8c589a827b7a946a804ab024ff8159a52.webp 768w, https:\/\/nicole37.fr\/wp-content\/uploads\/2025\/03\/d65f73170a2da3ac1cee5de8c633a3b8c589a827b7a946a804ab024ff8159a52-225x300.webp 225w\" sizes=\"auto, (max-width: 709px) 85vw, (max-width: 909px) 67vw, (max-width: 984px) 61vw, (max-width: 1362px) 45vw, 600px\" \/><\/figure>\n\n\n\n<p>Marthe Villalonga est une actrice fran\u00e7aise n\u00e9e en Alg\u00e9rie le 20 mars 1932. Au d\u00e9part pianiste, elle se tourne finalement vers la com\u00e9die en \u00e9tudiant l\u2019art dramatique au conservatoire d\u2019Alger. Elle s\u2019installe ensuite \u00e0 Paris o\u00f9 elle joue dans quelques pi\u00e8ces de th\u00e9\u00e2tre et une premi\u00e8re fois \u00e0 la t\u00e9l\u00e9vision dans le feuilleton&nbsp;<em>Janique Aim\u00e9e<\/em>&nbsp;en 1963. Elle obtient son premier r\u00f4le au cin\u00e9ma dans le film de&nbsp;<strong>Philippe Clair<\/strong>&nbsp;:&nbsp;<em>D\u00e9clic et des claques<\/em>&nbsp;(1964).<\/p>\n\n\n\n<p>Son succ\u00e8s na\u00eet v\u00e9ritablement lorsqu\u2019elle incarne la m\u00e8re juive et possessive de&nbsp;<strong>Guy Bedos<\/strong>&nbsp;dans les films d\u2019Yves Robert&nbsp;:&nbsp;<em>Un \u00e9l\u00e9phant, \u00e7a trompe \u00e9norm\u00e9ment<\/em>&nbsp;(1976) et&nbsp;<em>Nous irons tous au paradis<\/em>&nbsp;(1977). Le personnage de m\u00e8re juive ou pied-noire lui collera \u00e0 la peau tout au long de sa carri\u00e8re. Mais son r\u00f4le le plus important reste celui de la femme de m\u00e9nage Rose Le Plouhannec dans la s\u00e9rie t\u00e9l\u00e9vis\u00e9e&nbsp;<em>Maguy<\/em>&nbsp;qu\u2019elle incarne durant 8 saisons \u00e0 partir de 1985. Marthe Villalonga ne cesse d\u2019\u00eatre une actrice prolifique autant au cin\u00e9ma qu\u2019au th\u00e9\u00e2tre et \u00e0 la t\u00e9l\u00e9vision.<\/p>\n\n\n\n<p>C&rsquo;est une actrice que j&rsquo;aimais bien, elle jouait bien son r\u00f4le dans \u00ab\u00a0Maguy\u00a0\u00bb que j&rsquo;ai regard\u00e9 pendant ces 8 saisons. C&rsquo;\u00e9tait amusant  et divertissant. Au moins \u00e0 cette \u00e9poque l\u00e0 il y avait de bons films et sans trop de PUB. Maintenant c&rsquo;est devenu la cata ! <\/p>\n\n\n\n<p><\/p>\n","protected":false},"excerpt":{"rendered":"<p>Qui a connu cette actrice ? N\u00e9e le 20\/03\/1932 (93 ans) \u00e0 Alger Marthe Villalonga est une actrice fran\u00e7aise n\u00e9e en Alg\u00e9rie le 20 mars 1932. Au d\u00e9part pianiste, elle se tourne finalement vers la com\u00e9die en \u00e9tudiant l\u2019art dramatique au conservatoire d\u2019Alger. Elle s\u2019installe ensuite \u00e0 Paris o\u00f9 elle joue dans quelques pi\u00e8ces de &hellip; <a href=\"https:\/\/nicole37.fr\/?p=7160\" class=\"more-link\">Continuer la lecture<span class=\"screen-reader-text\"> de &laquo;&nbsp;MARTHE VILLALONGA&nbsp;&raquo;<\/span><\/a><\/p>\n","protected":false},"author":1,"featured_media":0,"comment_status":"open","ping_status":"open","sticky":false,"template":"","format":"standard","meta":{"footnotes":""},"categories":[39,235],"tags":[],"class_list":["post-7160","post","type-post","status-publish","format-standard","hentry","category-la-television","category-marthe-villalonga"],"_links":{"self":[{"href":"https:\/\/nicole37.fr\/index.php?rest_route=\/wp\/v2\/posts\/7160","targetHints":{"allow":["GET"]}}],"collection":[{"href":"https:\/\/nicole37.fr\/index.php?rest_route=\/wp\/v2\/posts"}],"about":[{"href":"https:\/\/nicole37.fr\/index.php?rest_route=\/wp\/v2\/types\/post"}],"author":[{"embeddable":true,"href":"https:\/\/nicole37.fr\/index.php?rest_route=\/wp\/v2\/users\/1"}],"replies":[{"embeddable":true,"href":"https:\/\/nicole37.fr\/index.php?rest_route=%2Fwp%2Fv2%2Fcomments&post=7160"}],"version-history":[{"count":1,"href":"https:\/\/nicole37.fr\/index.php?rest_route=\/wp\/v2\/posts\/7160\/revisions"}],"predecessor-version":[{"id":7162,"href":"https:\/\/nicole37.fr\/index.php?rest_route=\/wp\/v2\/posts\/7160\/revisions\/7162"}],"wp:attachment":[{"href":"https:\/\/nicole37.fr\/index.php?rest_route=%2Fwp%2Fv2%2Fmedia&parent=7160"}],"wp:term":[{"taxonomy":"category","embeddable":true,"href":"https:\/\/nicole37.fr\/index.php?rest_route=%2Fwp%2Fv2%2Fcategories&post=7160"},{"taxonomy":"post_tag","embeddable":true,"href":"https:\/\/nicole37.fr\/index.php?rest_route=%2Fwp%2Fv2%2Ftags&post=7160"}],"curies":[{"name":"wp","href":"https:\/\/api.w.org\/{rel}","templated":true}]}}