{"id":7164,"date":"2025-03-26T07:32:55","date_gmt":"2025-03-26T06:32:55","guid":{"rendered":"https:\/\/nicole37.fr\/?p=7164"},"modified":"2025-03-26T07:32:55","modified_gmt":"2025-03-26T06:32:55","slug":"changement-dheure-2025","status":"publish","type":"post","link":"https:\/\/nicole37.fr\/?p=7164","title":{"rendered":"CHANGEMENT D\u2019HEURE 2025"},"content":{"rendered":"\n<figure class=\"wp-block-image size-full\"><img loading=\"lazy\" decoding=\"async\" width=\"400\" height=\"400\" src=\"https:\/\/nicole37.fr\/wp-content\/uploads\/2025\/03\/IMG_6654.png\" alt=\"\" class=\"wp-image-7165\" srcset=\"https:\/\/nicole37.fr\/wp-content\/uploads\/2025\/03\/IMG_6654.png 400w, https:\/\/nicole37.fr\/wp-content\/uploads\/2025\/03\/IMG_6654-300x300.png 300w, https:\/\/nicole37.fr\/wp-content\/uploads\/2025\/03\/IMG_6654-150x150.png 150w\" sizes=\"auto, (max-width: 400px) 85vw, 400px\" \/><\/figure>\n\n\n\n<p>Ce week-end nous allons encore changer notre heure d\u2019hiver en heure d\u2019\u00e9t\u00e9. Que de contraintes cela occasionnent et franchement l\u2019\u00e9conomie escompt\u00e9e lors de ses d\u00e9buts de mise en service pour \u00e9conomie d\u2019\u00e9nergie ne sert plus trop \u00e0 rien. La lumi\u00e8re allum\u00e9e le soir le sera le matin et inversement. Donc cela revient du pareil au m\u00eame. \u00a0<br>De plus ce changement joue beaucoup sur le sommeil qui est perturb\u00e9 pendant au moins deux ou trois jours.<\/p>\n\n\n\n<p>Depuis longtemps, un test de choix que les gens pouvaient faire entre celles qu\u2019elles jugeaient utiles et\u00a0 pr\u00e9f\u00e9rentielles n\u2019a abouti \u00e0 rien. Toute l\u2019Europe devait adjoindre son choix. Mais apparemment rest\u00e9e sans r\u00e9ponse. Ne serait il pas judicieux de rester \u00e0 celle-ci,  grand nombres de personnes le d\u00e9sireraient. Pour celle d\u2019hiver le choix \u00e9tant minoritaire.\u00a0<br><\/p>\n\n\n\n<p class=\"has-bright-red-color has-text-color has-link-color wp-elements-d53f862eab83b89404bbaea02548b1f1\"><strong>A L&rsquo;ORIGINE :<\/strong><br><em><strong>Le changement d&rsquo;heure a \u00e9t\u00e9 instaur\u00e9 en France \u00e0 la suite du choc p\u00e9trolier de\u00a01973-1974. Depuis\u00a01998, les dates de changement d&rsquo;heure ont \u00e9t\u00e9 harmonis\u00e9es au sein de l&rsquo;Union europ\u00e9enne. Dans tous les pays membres, le passage \u00e0 l&rsquo;heure d&rsquo;hiver s&rsquo;effectue le dernier dimanche d&rsquo;octobre et le passage \u00e0 l&rsquo;heure d&rsquo;\u00e9t\u00e9, le dernier dimanche de mars.<\/strong><\/em><\/p>\n\n\n\n<p><strong>Rappel&nbsp;<\/strong><\/p>\n\n\n\n<p>En mars&nbsp;2019, les eurod\u00e9put\u00e9s ont vot\u00e9 pour un projet de directive supprimant le changement d&rsquo;heure saisonnier. La directive devait \u00eatre adopt\u00e9e par le Conseil fin 2020, puis transpos\u00e9e par les \u00c9tats membres. Cependant, en raison de la crise sanitaire li\u00e9e \u00e0 la Covid-19, ce texte sur la fin du changement d&rsquo;heure n\u2019est plus \u00e0 l\u2019ordre du jour et ne devrait pas \u00eatre discut\u00e9 dans un avenir proche. Le changement d&rsquo;heure \u00e9t\u00e9 et hiver 2025 est conserv\u00e9.<\/p>\n\n\n\n<p>La crise sanitaire a bon dos, tous les manquements, l\u2019\u00e9conomie et le reste, c\u2019est toujours faute \u00e0 cette fameuse \u00e9pid\u00e9mie \u00ab\u00a0le COVID\u00a0\u00bb.  Alors que c\u2019est strictement faux, mais on mise tout dessus pour faire croire par le mensonge que c&rsquo;est une obligation,  c\u2019est mieux de faire avaler la pillule, c&rsquo;est beaucoup mieux ! Mais nous ne sommes pas dupes.\u00a0<\/p>\n\n\n\n<p>Covid par- ci,  Covid par- l\u00e0, tout est bon pour annuler beaucoup de choses que les Fran\u00e7ais souhaitaient.\u00a0<\/p>\n\n\n\n<figure class=\"wp-block-image size-large\"><img loading=\"lazy\" decoding=\"async\" width=\"691\" height=\"1024\" src=\"https:\/\/nicole37.fr\/wp-content\/uploads\/2025\/03\/IMG_6650-691x1024.jpeg\" alt=\"\" class=\"wp-image-7170\" srcset=\"https:\/\/nicole37.fr\/wp-content\/uploads\/2025\/03\/IMG_6650-691x1024.jpeg 691w, https:\/\/nicole37.fr\/wp-content\/uploads\/2025\/03\/IMG_6650-202x300.jpeg 202w, https:\/\/nicole37.fr\/wp-content\/uploads\/2025\/03\/IMG_6650-768x1138.jpeg 768w, https:\/\/nicole37.fr\/wp-content\/uploads\/2025\/03\/IMG_6650.jpeg 1014w\" sizes=\"auto, (max-width: 709px) 85vw, (max-width: 909px) 67vw, (max-width: 984px) 61vw, (max-width: 1362px) 45vw, 600px\" \/><figcaption class=\"wp-element-caption\">Screenshot<\/figcaption><\/figure>\n","protected":false},"excerpt":{"rendered":"<p>Ce week-end nous allons encore changer notre heure d\u2019hiver en heure d\u2019\u00e9t\u00e9. Que de contraintes cela occasionnent et franchement l\u2019\u00e9conomie escompt\u00e9e lors de ses d\u00e9buts de mise en service pour \u00e9conomie d\u2019\u00e9nergie ne sert plus trop \u00e0 rien. La lumi\u00e8re allum\u00e9e le soir le sera le matin et inversement. Donc cela revient du pareil au &hellip; <a href=\"https:\/\/nicole37.fr\/?p=7164\" class=\"more-link\">Continuer la lecture<span class=\"screen-reader-text\"> de &laquo;&nbsp;CHANGEMENT D\u2019HEURE 2025&nbsp;&raquo;<\/span><\/a><\/p>\n","protected":false},"author":1,"featured_media":0,"comment_status":"open","ping_status":"open","sticky":false,"template":"","format":"standard","meta":{"footnotes":""},"categories":[3,236,237],"tags":[],"class_list":["post-7164","post","type-post","status-publish","format-standard","hentry","category-uncategorized","category-changement-dheure-2025","category-heure-dete-heure-dhiver"],"_links":{"self":[{"href":"https:\/\/nicole37.fr\/index.php?rest_route=\/wp\/v2\/posts\/7164","targetHints":{"allow":["GET"]}}],"collection":[{"href":"https:\/\/nicole37.fr\/index.php?rest_route=\/wp\/v2\/posts"}],"about":[{"href":"https:\/\/nicole37.fr\/index.php?rest_route=\/wp\/v2\/types\/post"}],"author":[{"embeddable":true,"href":"https:\/\/nicole37.fr\/index.php?rest_route=\/wp\/v2\/users\/1"}],"replies":[{"embeddable":true,"href":"https:\/\/nicole37.fr\/index.php?rest_route=%2Fwp%2Fv2%2Fcomments&post=7164"}],"version-history":[{"count":7,"href":"https:\/\/nicole37.fr\/index.php?rest_route=\/wp\/v2\/posts\/7164\/revisions"}],"predecessor-version":[{"id":7173,"href":"https:\/\/nicole37.fr\/index.php?rest_route=\/wp\/v2\/posts\/7164\/revisions\/7173"}],"wp:attachment":[{"href":"https:\/\/nicole37.fr\/index.php?rest_route=%2Fwp%2Fv2%2Fmedia&parent=7164"}],"wp:term":[{"taxonomy":"category","embeddable":true,"href":"https:\/\/nicole37.fr\/index.php?rest_route=%2Fwp%2Fv2%2Fcategories&post=7164"},{"taxonomy":"post_tag","embeddable":true,"href":"https:\/\/nicole37.fr\/index.php?rest_route=%2Fwp%2Fv2%2Ftags&post=7164"}],"curies":[{"name":"wp","href":"https:\/\/api.w.org\/{rel}","templated":true}]}}