{"id":7389,"date":"2025-04-26T07:36:15","date_gmt":"2025-04-26T05:36:15","guid":{"rendered":"https:\/\/nicole37.fr\/?p=7389"},"modified":"2025-04-26T07:36:15","modified_gmt":"2025-04-26T05:36:15","slug":"vente-boulangerie-st-paterne-racan-37","status":"publish","type":"post","link":"https:\/\/nicole37.fr\/?p=7389","title":{"rendered":"VENTE BOULANGERIE -ST PATERNE RACAN (37)"},"content":{"rendered":"\n<h3 class=\"wp-block-heading\"><em>Cherche repreneur en vain\u2026<\/em><\/h3>\n\n\n\n<p>L\u2019heure de la retraite ayant sonn\u00e9, la vente de cette fameuse boulangerie situ\u00e9e \u00e0 Saint Paterne Racan est donc d\u2019actualit\u00e9, mais toujours sans suite escompt\u00e9e. <br>Monsieur et Madame Taillepied poss\u00e9dant trois boulangeries \u00e0 l\u2019\u00e9poque en ont d\u00e9j\u00e0 revendu deux dont l\u2019une \u00e0 <strong>Neuill\u00e9 Pont Pierre<\/strong> qui est (<strong><em>le Fournil de Neuill\u00e9<\/em><\/strong>) et l\u2019autre \u00e0 <strong>Sonzay<\/strong>, il ne restait donc plus que celle de Saint Paterne Racan. <\/p>\n\n\n\n<p>Vous trouverez ici l&rsquo;article paru dans la Nouvelle R\u00e9publique  37.<br><\/p>\n\n\n\n<figure class=\"wp-block-image size-large\"><img loading=\"lazy\" decoding=\"async\" width=\"1024\" height=\"837\" src=\"https:\/\/nicole37.fr\/wp-content\/uploads\/2025\/04\/IMG_7458-1024x837.jpeg\" alt=\"\" class=\"wp-image-7392\" srcset=\"https:\/\/nicole37.fr\/wp-content\/uploads\/2025\/04\/IMG_7458-1024x837.jpeg 1024w, https:\/\/nicole37.fr\/wp-content\/uploads\/2025\/04\/IMG_7458-300x245.jpeg 300w, https:\/\/nicole37.fr\/wp-content\/uploads\/2025\/04\/IMG_7458-768x628.jpeg 768w, https:\/\/nicole37.fr\/wp-content\/uploads\/2025\/04\/IMG_7458.jpeg 1179w\" sizes=\"auto, (max-width: 709px) 85vw, (max-width: 909px) 67vw, (max-width: 1362px) 62vw, 840px\" \/><figcaption class=\"wp-element-caption\">Screenshot<\/figcaption><\/figure>\n","protected":false},"excerpt":{"rendered":"<p>Cherche repreneur en vain\u2026 L\u2019heure de la retraite ayant sonn\u00e9, la vente de cette fameuse boulangerie situ\u00e9e \u00e0 Saint Paterne Racan est donc d\u2019actualit\u00e9, mais toujours sans suite escompt\u00e9e. Monsieur et Madame Taillepied poss\u00e9dant trois boulangeries \u00e0 l\u2019\u00e9poque en ont d\u00e9j\u00e0 revendu deux dont l\u2019une \u00e0 Neuill\u00e9 Pont Pierre qui est (le Fournil de Neuill\u00e9) &hellip; <a href=\"https:\/\/nicole37.fr\/?p=7389\" class=\"more-link\">Continuer la lecture<span class=\"screen-reader-text\"> de &laquo;&nbsp;VENTE BOULANGERIE -ST PATERNE RACAN (37)&nbsp;&raquo;<\/span><\/a><\/p>\n","protected":false},"author":1,"featured_media":0,"comment_status":"open","ping_status":"open","sticky":false,"template":"","format":"standard","meta":{"footnotes":""},"categories":[3,264],"tags":[],"class_list":["post-7389","post","type-post","status-publish","format-standard","hentry","category-uncategorized","category-vente-boulangerie"],"_links":{"self":[{"href":"https:\/\/nicole37.fr\/index.php?rest_route=\/wp\/v2\/posts\/7389","targetHints":{"allow":["GET"]}}],"collection":[{"href":"https:\/\/nicole37.fr\/index.php?rest_route=\/wp\/v2\/posts"}],"about":[{"href":"https:\/\/nicole37.fr\/index.php?rest_route=\/wp\/v2\/types\/post"}],"author":[{"embeddable":true,"href":"https:\/\/nicole37.fr\/index.php?rest_route=\/wp\/v2\/users\/1"}],"replies":[{"embeddable":true,"href":"https:\/\/nicole37.fr\/index.php?rest_route=%2Fwp%2Fv2%2Fcomments&post=7389"}],"version-history":[{"count":3,"href":"https:\/\/nicole37.fr\/index.php?rest_route=\/wp\/v2\/posts\/7389\/revisions"}],"predecessor-version":[{"id":7394,"href":"https:\/\/nicole37.fr\/index.php?rest_route=\/wp\/v2\/posts\/7389\/revisions\/7394"}],"wp:attachment":[{"href":"https:\/\/nicole37.fr\/index.php?rest_route=%2Fwp%2Fv2%2Fmedia&parent=7389"}],"wp:term":[{"taxonomy":"category","embeddable":true,"href":"https:\/\/nicole37.fr\/index.php?rest_route=%2Fwp%2Fv2%2Fcategories&post=7389"},{"taxonomy":"post_tag","embeddable":true,"href":"https:\/\/nicole37.fr\/index.php?rest_route=%2Fwp%2Fv2%2Ftags&post=7389"}],"curies":[{"name":"wp","href":"https:\/\/api.w.org\/{rel}","templated":true}]}}