{"id":740,"date":"2019-11-28T15:52:28","date_gmt":"2019-11-28T14:52:28","guid":{"rendered":"https:\/\/nicole37.fr\/?p=740"},"modified":"2019-11-28T15:52:28","modified_gmt":"2019-11-28T14:52:28","slug":"dates-globales-vacances-scolaires-2020","status":"publish","type":"post","link":"https:\/\/nicole37.fr\/?p=740","title":{"rendered":"DATES GLOBALES VACANCES SCOLAIRES 2020"},"content":{"rendered":"\n<p class=\"has-medium-font-size\">En effet, nous arrivons bient\u00f4t aux f\u00eates de No\u00ebl et bient\u00f4t les enfants seront en vacances. Et suite \u00e0 celles-ci nous aurons franchi l&rsquo;ann\u00e9e 2020. Eh oui, d\u00e9j\u00e0 !<\/p>\n\n\n\n<p class=\"has-medium-font-size\">Je pensais utile de mettre ici les dates des vacances scolaires durant l&rsquo;ann\u00e9e prochaine qui est bien proche.<\/p>\n\n\n\n<ul class=\"wp-block-gallery columns-1 is-cropped wp-block-gallery-1 is-layout-flex wp-block-gallery-is-layout-flex\"><li class=\"blocks-gallery-item\"><figure><img loading=\"lazy\" decoding=\"async\" width=\"1024\" height=\"531\" src=\"https:\/\/nicole37.fr\/wp-content\/uploads\/2019\/11\/A9AFF569-DF79-44C8-804B-EBB3085197D4_1_105_c-1024x531.jpeg\" alt=\"\" data-id=\"741\" data-link=\"https:\/\/nicole37.fr\/?attachment_id=741\" class=\"wp-image-741\" srcset=\"https:\/\/nicole37.fr\/wp-content\/uploads\/2019\/11\/A9AFF569-DF79-44C8-804B-EBB3085197D4_1_105_c-1024x531.jpeg 1024w, https:\/\/nicole37.fr\/wp-content\/uploads\/2019\/11\/A9AFF569-DF79-44C8-804B-EBB3085197D4_1_105_c-300x155.jpeg 300w, https:\/\/nicole37.fr\/wp-content\/uploads\/2019\/11\/A9AFF569-DF79-44C8-804B-EBB3085197D4_1_105_c-768x398.jpeg 768w, https:\/\/nicole37.fr\/wp-content\/uploads\/2019\/11\/A9AFF569-DF79-44C8-804B-EBB3085197D4_1_105_c-1200x622.jpeg 1200w, https:\/\/nicole37.fr\/wp-content\/uploads\/2019\/11\/A9AFF569-DF79-44C8-804B-EBB3085197D4_1_105_c.jpeg 1231w\" sizes=\"auto, (max-width: 709px) 85vw, (max-width: 909px) 67vw, (max-width: 1362px) 62vw, 840px\" \/><\/figure><\/li><\/ul>\n","protected":false},"excerpt":{"rendered":"<p>En effet, nous arrivons bient\u00f4t aux f\u00eates de No\u00ebl et bient\u00f4t les enfants seront en vacances. Et suite \u00e0 celles-ci nous aurons franchi l&rsquo;ann\u00e9e 2020. Eh oui, d\u00e9j\u00e0 ! Je pensais utile de mettre ici les dates des vacances scolaires durant l&rsquo;ann\u00e9e prochaine qui est bien proche.<\/p>\n","protected":false},"author":1,"featured_media":0,"comment_status":"open","ping_status":"open","sticky":false,"template":"","format":"standard","meta":{"footnotes":""},"categories":[29],"tags":[],"class_list":["post-740","post","type-post","status-publish","format-standard","hentry","category-fetes"],"_links":{"self":[{"href":"https:\/\/nicole37.fr\/index.php?rest_route=\/wp\/v2\/posts\/740","targetHints":{"allow":["GET"]}}],"collection":[{"href":"https:\/\/nicole37.fr\/index.php?rest_route=\/wp\/v2\/posts"}],"about":[{"href":"https:\/\/nicole37.fr\/index.php?rest_route=\/wp\/v2\/types\/post"}],"author":[{"embeddable":true,"href":"https:\/\/nicole37.fr\/index.php?rest_route=\/wp\/v2\/users\/1"}],"replies":[{"embeddable":true,"href":"https:\/\/nicole37.fr\/index.php?rest_route=%2Fwp%2Fv2%2Fcomments&post=740"}],"version-history":[{"count":0,"href":"https:\/\/nicole37.fr\/index.php?rest_route=\/wp\/v2\/posts\/740\/revisions"}],"wp:attachment":[{"href":"https:\/\/nicole37.fr\/index.php?rest_route=%2Fwp%2Fv2%2Fmedia&parent=740"}],"wp:term":[{"taxonomy":"category","embeddable":true,"href":"https:\/\/nicole37.fr\/index.php?rest_route=%2Fwp%2Fv2%2Fcategories&post=740"},{"taxonomy":"post_tag","embeddable":true,"href":"https:\/\/nicole37.fr\/index.php?rest_route=%2Fwp%2Fv2%2Ftags&post=740"}],"curies":[{"name":"wp","href":"https:\/\/api.w.org\/{rel}","templated":true}]}}