{"id":7816,"date":"2025-06-10T08:15:56","date_gmt":"2025-06-10T06:15:56","guid":{"rendered":"https:\/\/nicole37.fr\/?p=7816"},"modified":"2025-06-10T08:15:56","modified_gmt":"2025-06-10T06:15:56","slug":"ceramiste","status":"publish","type":"post","link":"https:\/\/nicole37.fr\/?p=7816","title":{"rendered":"CERAMISTE"},"content":{"rendered":"\n<p><strong>Jean Michel Kerdil\u00e8s&nbsp;&nbsp;&nbsp;&nbsp;&nbsp;&nbsp;&nbsp;&nbsp;&nbsp;&nbsp;&nbsp;&nbsp;&nbsp;&nbsp;&nbsp;&nbsp;&nbsp;&nbsp;&nbsp;&nbsp;&nbsp;&nbsp;&nbsp;&nbsp;&nbsp;&nbsp;&nbsp;&nbsp;&nbsp;&nbsp;&nbsp;&nbsp;&nbsp;&nbsp;&nbsp;&nbsp;&nbsp;&nbsp;&nbsp;&nbsp;&nbsp;&nbsp;&nbsp;&nbsp;&nbsp;&nbsp;&nbsp;&nbsp;&nbsp;&nbsp;&nbsp;&nbsp;&nbsp;&nbsp;&nbsp;&nbsp;&nbsp;&nbsp;&nbsp;&nbsp;&nbsp;&nbsp;&nbsp;&nbsp;&nbsp;&nbsp;&nbsp;&nbsp;&nbsp;&nbsp;&nbsp;&nbsp;&nbsp;&nbsp;&nbsp;<\/strong><\/p>\n\n\n\n<p>Vit et travaille \u00e0 Saint Martin des Champs \u2013 29600<\/p>\n\n\n\n<p>Pratique la c\u00e9ramique depuis 1976<\/p>\n\n\n\n<p>Formation Raku avec Camille Virot<\/p>\n\n\n\n<p>Formation Gla\u00e7ures au CNIFOP St Amand en Puisaye<\/p>\n\n\n\n<p><strong>Expositions retenues de ces derni\u00e8res ann\u00e9es<\/strong><\/p>\n\n\n\n<ul class=\"wp-block-list\">\n<li>Salon des artistes orl\u00e9anais\/Hommage \u00e0 Yoland Cazenove c\u00e9ramiste\/2008<\/li>\n\n\n\n<li>Espace Lucien Prigent Landivisiau 29 \/ Deux c\u00e9ramistes ( avec G. Haubtmann)2009<\/li>\n\n\n\n<li>Maison de la Fontaine Brest 29\u00a0\u00a0 2012<\/li>\n\n\n\n<li>Salon des R\u00e9alit\u00e9s Nouvelles Paris\u00a0 2014\/2015\/2016\/2017\/2018\/2024<\/li>\n\n\n\n<li>Mus\u00e9e D\u00e9partemental Breton Quimper 29 \/ Exposition Finisterres \/ 2016<\/li>\n\n\n\n<li>Galerie Arts Raden Plogastel St Germain 2016<\/li>\n\n\n\n<li>Arteva Nantes\/ Rez\u00e9 44\u00a0 2017<\/li>\n\n\n\n<li>Tribew\u00a0 Prix sculpture 2017 (e-book \u00ab\u00a0 Porcellana 3 \u00a0\u00bb\u2013)<\/li>\n\n\n\n<li>Brittany Connexion Morlaix 2019<\/li>\n\n\n\n<li>Salon d\u2019Automne Paris \/ Sculpture\/ Prix Adagp et Prix Fondation Taylor\u00a0 2021<\/li>\n\n\n\n<li>Galerie Claire Beillard Morlaix 2023<\/li>\n<\/ul>\n\n\n\n<p><strong>Travaux en collaboration<\/strong><\/p>\n\n\n\n<p>. Courts m\u00e9trages et Atelier r\u00e9alis\u00e9s en collaboration avec Veronica Gonzalez Vanek ( Photographe, Vid\u00e9aste, Monteuse son ) et Jean-Yves Bosseur ( Compositeur ) \/ voir Page &nbsp;\u00bb Installations&nbsp;\u00bb.<\/p>\n\n\n\n<p><strong>Son blog ici pour plus d&rsquo;informations <\/strong> : <a href=\"https:\/\/pioneering-kerdilesjeanmichel.wordpress.com\/\"><strong>https:\/\/pioneering-kerdilesjeanmichel.wordpress.com\/<\/strong><\/a><\/p>\n","protected":false},"excerpt":{"rendered":"<p>Jean Michel Kerdil\u00e8s&nbsp;&nbsp;&nbsp;&nbsp;&nbsp;&nbsp;&nbsp;&nbsp;&nbsp;&nbsp;&nbsp;&nbsp;&nbsp;&nbsp;&nbsp;&nbsp;&nbsp;&nbsp;&nbsp;&nbsp;&nbsp;&nbsp;&nbsp;&nbsp;&nbsp;&nbsp;&nbsp;&nbsp;&nbsp;&nbsp;&nbsp;&nbsp;&nbsp;&nbsp;&nbsp;&nbsp;&nbsp;&nbsp;&nbsp;&nbsp;&nbsp;&nbsp;&nbsp;&nbsp;&nbsp;&nbsp;&nbsp;&nbsp;&nbsp;&nbsp;&nbsp;&nbsp;&nbsp;&nbsp;&nbsp;&nbsp;&nbsp;&nbsp;&nbsp;&nbsp;&nbsp;&nbsp;&nbsp;&nbsp;&nbsp;&nbsp;&nbsp;&nbsp;&nbsp;&nbsp;&nbsp;&nbsp;&nbsp;&nbsp;&nbsp; Vit et travaille \u00e0 Saint Martin des Champs \u2013 29600 Pratique la c\u00e9ramique depuis 1976 Formation Raku avec Camille Virot Formation Gla\u00e7ures au CNIFOP St Amand en Puisaye Expositions retenues de ces derni\u00e8res ann\u00e9es Travaux en collaboration . Courts m\u00e9trages et Atelier r\u00e9alis\u00e9s en collaboration avec Veronica Gonzalez Vanek ( Photographe, Vid\u00e9aste, &hellip; <a href=\"https:\/\/nicole37.fr\/?p=7816\" class=\"more-link\">Continuer la lecture<span class=\"screen-reader-text\"> de &laquo;&nbsp;CERAMISTE&nbsp;&raquo;<\/span><\/a><\/p>\n","protected":false},"author":1,"featured_media":0,"comment_status":"open","ping_status":"open","sticky":false,"template":"","format":"standard","meta":{"footnotes":""},"categories":[298,295],"tags":[],"class_list":["post-7816","post","type-post","status-publish","format-standard","hentry","category-ceramiste","category-commerces-artisans-3"],"_links":{"self":[{"href":"https:\/\/nicole37.fr\/index.php?rest_route=\/wp\/v2\/posts\/7816","targetHints":{"allow":["GET"]}}],"collection":[{"href":"https:\/\/nicole37.fr\/index.php?rest_route=\/wp\/v2\/posts"}],"about":[{"href":"https:\/\/nicole37.fr\/index.php?rest_route=\/wp\/v2\/types\/post"}],"author":[{"embeddable":true,"href":"https:\/\/nicole37.fr\/index.php?rest_route=\/wp\/v2\/users\/1"}],"replies":[{"embeddable":true,"href":"https:\/\/nicole37.fr\/index.php?rest_route=%2Fwp%2Fv2%2Fcomments&post=7816"}],"version-history":[{"count":2,"href":"https:\/\/nicole37.fr\/index.php?rest_route=\/wp\/v2\/posts\/7816\/revisions"}],"predecessor-version":[{"id":7818,"href":"https:\/\/nicole37.fr\/index.php?rest_route=\/wp\/v2\/posts\/7816\/revisions\/7818"}],"wp:attachment":[{"href":"https:\/\/nicole37.fr\/index.php?rest_route=%2Fwp%2Fv2%2Fmedia&parent=7816"}],"wp:term":[{"taxonomy":"category","embeddable":true,"href":"https:\/\/nicole37.fr\/index.php?rest_route=%2Fwp%2Fv2%2Fcategories&post=7816"},{"taxonomy":"post_tag","embeddable":true,"href":"https:\/\/nicole37.fr\/index.php?rest_route=%2Fwp%2Fv2%2Ftags&post=7816"}],"curies":[{"name":"wp","href":"https:\/\/api.w.org\/{rel}","templated":true}]}}