{"id":806,"date":"2019-12-23T15:36:43","date_gmt":"2019-12-23T14:36:43","guid":{"rendered":"https:\/\/nicole37.fr\/?p=806"},"modified":"2019-12-23T15:36:43","modified_gmt":"2019-12-23T14:36:43","slug":"fete-de-noel-25-decembre","status":"publish","type":"post","link":"https:\/\/nicole37.fr\/?p=806","title":{"rendered":"FETE DE NOEL &#8211; 25 DECEMBRE"},"content":{"rendered":"\n<div class=\"wp-block-image\"><figure class=\"aligncenter\"><img loading=\"lazy\" decoding=\"async\" width=\"350\" height=\"350\" src=\"https:\/\/nicole37.fr\/wp-content\/uploads\/2019\/12\/79893835_2638403539580176_7260205733541576704_n.jpg\" alt=\"\" class=\"wp-image-807\" srcset=\"https:\/\/nicole37.fr\/wp-content\/uploads\/2019\/12\/79893835_2638403539580176_7260205733541576704_n.jpg 350w, https:\/\/nicole37.fr\/wp-content\/uploads\/2019\/12\/79893835_2638403539580176_7260205733541576704_n-300x300.jpg 300w, https:\/\/nicole37.fr\/wp-content\/uploads\/2019\/12\/79893835_2638403539580176_7260205733541576704_n-150x150.jpg 150w\" sizes=\"auto, (max-width: 350px) 85vw, 350px\" \/><\/figure><\/div>\n\n\n\n<p class=\"has-medium-font-size\">Bient\u00f4t No\u00ebl d\u00e9j\u00e0, eh oui ! <\/p>\n\n\n\n<p>Le jour de No\u00ebl est f\u00e9ri\u00e9 dans de nombreux pays ce qui permet le regroupement familial, l\u2019occasion de f\u00eater<a href=\"https:\/\/dicocitations.lemonde.fr\/citation.php?mot=noel_en_famille\"> <\/a>No\u00ebl en famille, &nbsp;autour d&rsquo;un repas festif et l&rsquo;\u00e9change de cadeaux. Depuis le milieu du XXe si\u00e8cle, cette p\u00e9riode perd son aspect chr\u00e9tien tout en maintenant vivante la tradition de la f\u00eate. Dans cet esprit, No\u00ebl prend une connotation folklorique, conservant le regroupement des cellules familiales autour d&rsquo;un repas et l&rsquo;\u00e9change de cadeaux autour du sapin traditionnel. Hors des foyers elle donne lieu \u00e0 l&rsquo;illumination des rues, maisons et magasins et \u00e0 l&rsquo;organisation de march\u00e9s de No\u00ebl. C&rsquo;est \u00e9galement une p\u00e9riode importante sur le plan commercial. Source : <a href=\"https:\/\/dicocitations.lemonde.fr\/definition_littre\/22425\/Noel.php\">https:\/\/dicocitations.lemonde.fr\/definition_littre\/22425\/Noel.php<\/a><\/p>\n\n\n\n<p>Lors de notre enfance, souvent les cadeaux \u00e9taient un sachet de crottes en chocolat  et une orange, ce qui marquait ce jour festif. Et ensuite le remplacement de l&rsquo;orange est devenu la cl\u00e9mentine. Ce qui m&rsquo;a interpel\u00e9 et tent\u00e9 de savoir l&rsquo;origine de l&rsquo;orange et quand la cl\u00e9mentine est apparue. Tr\u00e8s int\u00e9ressant \u00e0 savoir je mettrais cet article un peu plus tard.<\/p>\n\n\n\n<p>En attendant bonne f\u00eate de No\u00ebl \u00e0 tous et profitez en bien. A tr\u00e8s bient\u00f4t&#8230;<\/p>\n\n\n\n<ul class=\"wp-block-gallery columns-1 is-cropped wp-block-gallery-1 is-layout-flex wp-block-gallery-is-layout-flex\"><li class=\"blocks-gallery-item\"><figure><img loading=\"lazy\" decoding=\"async\" width=\"600\" height=\"400\" src=\"https:\/\/nicole37.fr\/wp-content\/uploads\/2019\/12\/IMG_9231.gif\" alt=\"\" data-id=\"808\" data-link=\"https:\/\/nicole37.fr\/?attachment_id=808\" class=\"wp-image-808\"\/><\/figure><\/li><\/ul>\n","protected":false},"excerpt":{"rendered":"<p>Bient\u00f4t No\u00ebl d\u00e9j\u00e0, eh oui ! Le jour de No\u00ebl est f\u00e9ri\u00e9 dans de nombreux pays ce qui permet le regroupement familial, l\u2019occasion de f\u00eater No\u00ebl en famille, &nbsp;autour d&rsquo;un repas festif et l&rsquo;\u00e9change de cadeaux. Depuis le milieu du XXe si\u00e8cle, cette p\u00e9riode perd son aspect chr\u00e9tien tout en maintenant vivante la tradition de &hellip; <a href=\"https:\/\/nicole37.fr\/?p=806\" class=\"more-link\">Continuer la lecture<span class=\"screen-reader-text\"> de &laquo;&nbsp;FETE DE NOEL &#8211; 25 DECEMBRE&nbsp;&raquo;<\/span><\/a><\/p>\n","protected":false},"author":1,"featured_media":0,"comment_status":"open","ping_status":"open","sticky":false,"template":"","format":"standard","meta":{"footnotes":""},"categories":[29],"tags":[],"class_list":["post-806","post","type-post","status-publish","format-standard","hentry","category-fetes"],"_links":{"self":[{"href":"https:\/\/nicole37.fr\/index.php?rest_route=\/wp\/v2\/posts\/806","targetHints":{"allow":["GET"]}}],"collection":[{"href":"https:\/\/nicole37.fr\/index.php?rest_route=\/wp\/v2\/posts"}],"about":[{"href":"https:\/\/nicole37.fr\/index.php?rest_route=\/wp\/v2\/types\/post"}],"author":[{"embeddable":true,"href":"https:\/\/nicole37.fr\/index.php?rest_route=\/wp\/v2\/users\/1"}],"replies":[{"embeddable":true,"href":"https:\/\/nicole37.fr\/index.php?rest_route=%2Fwp%2Fv2%2Fcomments&post=806"}],"version-history":[{"count":0,"href":"https:\/\/nicole37.fr\/index.php?rest_route=\/wp\/v2\/posts\/806\/revisions"}],"wp:attachment":[{"href":"https:\/\/nicole37.fr\/index.php?rest_route=%2Fwp%2Fv2%2Fmedia&parent=806"}],"wp:term":[{"taxonomy":"category","embeddable":true,"href":"https:\/\/nicole37.fr\/index.php?rest_route=%2Fwp%2Fv2%2Fcategories&post=806"},{"taxonomy":"post_tag","embeddable":true,"href":"https:\/\/nicole37.fr\/index.php?rest_route=%2Fwp%2Fv2%2Ftags&post=806"}],"curies":[{"name":"wp","href":"https:\/\/api.w.org\/{rel}","templated":true}]}}