{"id":8084,"date":"2025-07-14T07:41:49","date_gmt":"2025-07-14T05:41:49","guid":{"rendered":"https:\/\/nicole37.fr\/?p=8084"},"modified":"2025-07-14T07:41:49","modified_gmt":"2025-07-14T05:41:49","slug":"le-14-juillet","status":"publish","type":"post","link":"https:\/\/nicole37.fr\/?p=8084","title":{"rendered":"LE 14 JUILLET"},"content":{"rendered":"\n<p>Le 14 juillet, est une f\u00eate nationale fran\u00e7aise. C\u2019est \u00e0 l\u2019occasion, un jour feri\u00e9.<\/p>\n\n\n\n<p class=\"has-medium-font-size\"><strong>Le 14 Juillet en po\u00e9sie :<\/strong><\/p>\n\n\n\n<p>Dans l\u2019air vibrant des rues en liesse,<\/p>\n\n\n\n<p>Le ciel s\u2019habille de hardiesse,<\/p>\n\n\n\n<p>Bleu, blanc, rouge au vent claquant,<\/p>\n\n\n\n<p>Sous les pas fiers des r\u00e9giments.<\/p>\n\n\n\n<p>Le tambour bat, la foule chante,<\/p>\n\n\n\n<p>La Libert\u00e9, douce et vivante,<\/p>\n\n\n\n<p>S\u2019avance encore dans les esprits,<\/p>\n\n\n\n<p>Comme aux beaux jours de l\u2019an Quatre-vingt-dix.<\/p>\n\n\n\n<p>Des lampions dansent sous les arbres,<\/p>\n\n\n\n<p>Les rires fusent, tendres et rares,<\/p>\n\n\n\n<p>Et dans les yeux, un feu d\u2019\u00e9toiles<\/p>\n\n\n\n<p>Allume l\u2019\u00e2me de la toile.<\/p>\n\n\n\n<p>Sur les pav\u00e9s qu\u2019illuminent<\/p>\n\n\n\n<p>Les pas joyeux des origines,<\/p>\n\n\n\n<p>On f\u00eate un r\u00eave n\u00e9 d\u2019ardeur :<\/p>\n\n\n\n<p>Justice, espoir, et dignit\u00e9 du c\u0153ur.<\/p>\n\n\n\n<p>Car ce jour-l\u00e0, l\u2019Histoire \u00e9claire<\/p>\n\n\n\n<p>Le peuple uni, debout, solidaire,<\/p>\n\n\n\n<p>Souvenant ceux qui, sans retour,<\/p>\n\n\n\n<p>Ont fait la France libre un jour.<\/p>\n\n\n\n<p>Alors, chantons, dansons encore,<\/p>\n\n\n\n<p>Sous les fus\u00e9es de l\u2019aurore,<\/p>\n\n\n\n<p>Car chaque <strong>14 juillet<\/strong> nous lie<\/p>\n\n\n\n<p>\u00c0 l\u2019\u00e9ternelle envie de vie.<\/p>\n\n\n\n<p>&#8212;&#8212;&#8212;&#8212;&#8212;&#8212;&#8212;&#8212;&#8212;&#8212;&#8212;&#8212;&#8212;&#8212;&#8212;&#8212;&#8212;&#8212;&#8212;&#8212;-<\/p>\n\n\n\n<p><strong>Le 14 juillet de notre enfance<\/strong><\/p>\n\n\n\n<p class=\"has-dark-red-color has-white-background-color has-text-color has-background has-link-color wp-elements-4c251476c6b18ba585174262a11aac36\"><em>Le 14 juillet de notre enfance \u00e9voque bien plus qu\u2019une simple f\u00eate nationale. Il repr\u00e9sente un m\u00e9lange de sensations, d\u2019images color\u00e9es et d\u2019\u00e9motions partag\u00e9es. Voici une r\u00e9ponse en prose po\u00e9tique, douce et nostalgique :<\/em><\/p>\n\n\n\n<p><strong>Le 14 juillet de notre enfance<\/strong><\/p>\n\n\n\n<p>Le 14 juillet, c\u2019\u00e9tait le parfum de la libert\u00e9 sans qu\u2019on sache encore lui donner un nom.<\/p>\n\n\n\n<p>C\u2019\u00e9tait des matins d\u2019\u00e9t\u00e9 baign\u00e9s de soleil, o\u00f9 l\u2019on se r\u00e9veillait plus t\u00f4t, impatients de vivre un jour pas comme les autres. Dans les villages comme dans les villes, tout semblait en f\u00eate : les drapeaux accroch\u00e9s aux balcons, les fanions qui claquaient au vent, les vitrines d\u00e9cor\u00e9es de bleu, de blanc et de rouge.<\/p>\n\n\n\n<p>C\u2019\u00e9tait la fanfare qui passait dans la rue, les majorettes en robe brillante, les tambours battant fort dans nos poitrines d\u2019enfants. On regardait passer les pompiers, les gendarmes, les anciens combattants avec une admiration muette. On applaudissait sans trop savoir pourquoi, mais avec le c\u0153ur.<\/p>\n\n\n\n<p>C\u2019\u00e9tait surtout le bal du soir, sur la place du village ou au parc de la ville. Des guirlandes lumineuses suspendues dans les arbres, des chansons d\u2019accord\u00e9on ou de vari\u00e9t\u00e9, les adultes qui dansaient et les enfants qui couraient, insouciants, les pieds nus sur le gravier.<\/p>\n\n\n\n<p>Et puis, le clou de la f\u00eate\u2026<\/p>\n\n\n\n<p>Le feu d\u2019artifice.<\/p>\n\n\n\n<p>On levait les yeux au ciel, bouche b\u00e9e, les \u00e9toiles du 14 juillet \u00e9clatant en fleurs color\u00e9es au-dessus de nos t\u00eates. On criait \u201cOooh !\u201d et \u201cAaah !\u201d \u00e0 chaque explosion, en serrant fort la main d\u2019un parent, d\u2019un grand fr\u00e8re ou d\u2019une amie.<\/p>\n\n\n\n<p>C\u2019\u00e9tait un soir o\u00f9 l\u2019on se couchait tard, un peu collants de sucre et de poussi\u00e8re, mais le c\u0153ur joyeux, emportant dans nos r\u00eaves les \u00e9clats de lumi\u00e8re et les \u00e9chos de la Marseillaise.<\/p>\n\n\n\n<p>Le 14 juillet de notre enfance, c\u2019\u00e9tait la France vue par les yeux d\u2019un enfant : joyeuse, unie, pleine de promesses et de jeux sous les \u00e9toiles.<\/p>\n\n\n\n<figure class=\"wp-block-image size-large is-resized\"><img loading=\"lazy\" decoding=\"async\" width=\"683\" height=\"1024\" src=\"https:\/\/nicole37.fr\/wp-content\/uploads\/2025\/07\/IMG_2748-683x1024.png\" alt=\"\" class=\"wp-image-8091\" style=\"width:406px;height:auto\" srcset=\"https:\/\/nicole37.fr\/wp-content\/uploads\/2025\/07\/IMG_2748-683x1024.png 683w, https:\/\/nicole37.fr\/wp-content\/uploads\/2025\/07\/IMG_2748-200x300.png 200w, https:\/\/nicole37.fr\/wp-content\/uploads\/2025\/07\/IMG_2748-768x1152.png 768w, https:\/\/nicole37.fr\/wp-content\/uploads\/2025\/07\/IMG_2748.png 1024w\" sizes=\"auto, (max-width: 709px) 85vw, (max-width: 909px) 67vw, (max-width: 984px) 61vw, (max-width: 1362px) 45vw, 600px\" \/><\/figure>\n","protected":false},"excerpt":{"rendered":"<p>Le 14 juillet, est une f\u00eate nationale fran\u00e7aise. C\u2019est \u00e0 l\u2019occasion, un jour feri\u00e9. Le 14 Juillet en po\u00e9sie : Dans l\u2019air vibrant des rues en liesse, Le ciel s\u2019habille de hardiesse, Bleu, blanc, rouge au vent claquant, Sous les pas fiers des r\u00e9giments. Le tambour bat, la foule chante, La Libert\u00e9, douce et vivante, &hellip; <a href=\"https:\/\/nicole37.fr\/?p=8084\" class=\"more-link\">Continuer la lecture<span class=\"screen-reader-text\"> de &laquo;&nbsp;LE 14 JUILLET&nbsp;&raquo;<\/span><\/a><\/p>\n","protected":false},"author":1,"featured_media":0,"comment_status":"open","ping_status":"open","sticky":false,"template":"","format":"standard","meta":{"footnotes":""},"categories":[29,337],"tags":[],"class_list":["post-8084","post","type-post","status-publish","format-standard","hentry","category-fetes","category-le-14-juillet"],"_links":{"self":[{"href":"https:\/\/nicole37.fr\/index.php?rest_route=\/wp\/v2\/posts\/8084","targetHints":{"allow":["GET"]}}],"collection":[{"href":"https:\/\/nicole37.fr\/index.php?rest_route=\/wp\/v2\/posts"}],"about":[{"href":"https:\/\/nicole37.fr\/index.php?rest_route=\/wp\/v2\/types\/post"}],"author":[{"embeddable":true,"href":"https:\/\/nicole37.fr\/index.php?rest_route=\/wp\/v2\/users\/1"}],"replies":[{"embeddable":true,"href":"https:\/\/nicole37.fr\/index.php?rest_route=%2Fwp%2Fv2%2Fcomments&post=8084"}],"version-history":[{"count":6,"href":"https:\/\/nicole37.fr\/index.php?rest_route=\/wp\/v2\/posts\/8084\/revisions"}],"predecessor-version":[{"id":8093,"href":"https:\/\/nicole37.fr\/index.php?rest_route=\/wp\/v2\/posts\/8084\/revisions\/8093"}],"wp:attachment":[{"href":"https:\/\/nicole37.fr\/index.php?rest_route=%2Fwp%2Fv2%2Fmedia&parent=8084"}],"wp:term":[{"taxonomy":"category","embeddable":true,"href":"https:\/\/nicole37.fr\/index.php?rest_route=%2Fwp%2Fv2%2Fcategories&post=8084"},{"taxonomy":"post_tag","embeddable":true,"href":"https:\/\/nicole37.fr\/index.php?rest_route=%2Fwp%2Fv2%2Ftags&post=8084"}],"curies":[{"name":"wp","href":"https:\/\/api.w.org\/{rel}","templated":true}]}}