{"id":8143,"date":"2025-08-14T08:46:05","date_gmt":"2025-08-14T06:46:05","guid":{"rendered":"https:\/\/nicole37.fr\/?p=8143"},"modified":"2025-08-14T08:46:05","modified_gmt":"2025-08-14T06:46:05","slug":"canicule-2025","status":"publish","type":"post","link":"https:\/\/nicole37.fr\/?p=8143","title":{"rendered":"CANICULE 2025"},"content":{"rendered":"\n<p><strong>\ud83c\udf21\ufe0f Un \u00e9t\u00e9 qui joue avec nos nerfs<\/strong><\/p>\n\n\n\n<figure class=\"wp-block-image size-large\"><img loading=\"lazy\" decoding=\"async\" width=\"1024\" height=\"683\" src=\"https:\/\/nicole37.fr\/wp-content\/uploads\/2025\/08\/image-1024x683.png\" alt=\"\" class=\"wp-image-8145\" srcset=\"https:\/\/nicole37.fr\/wp-content\/uploads\/2025\/08\/image-1024x683.png 1024w, https:\/\/nicole37.fr\/wp-content\/uploads\/2025\/08\/image-300x200.png 300w, https:\/\/nicole37.fr\/wp-content\/uploads\/2025\/08\/image-768x512.png 768w, https:\/\/nicole37.fr\/wp-content\/uploads\/2025\/08\/image-1200x800.png 1200w, https:\/\/nicole37.fr\/wp-content\/uploads\/2025\/08\/image-1320x880.png 1320w, https:\/\/nicole37.fr\/wp-content\/uploads\/2025\/08\/image.png 1536w\" sizes=\"auto, (max-width: 709px) 85vw, (max-width: 909px) 67vw, (max-width: 1362px) 62vw, 840px\" \/><\/figure>\n\n\n\n<p><strong><em>\u00ab Quand l\u2019\u00e9t\u00e9 br\u00fble, que l\u2019automne pleure, que l\u2019hiver h\u00e9site et que le printemps s\u2019oublie\u2026 c\u2019est que le temps a perdu la m\u00e9moire. \u00bb<\/em><\/strong><br>&#8212;&#8212;&#8212;&#8212;&#8212;&#8212;&#8212;&#8212;&#8212;&#8212;&#8212;&#8212;&#8212;-<br><strong>La canicule a baiss\u00e9 d\u2019un ton\u2026 juste le temps de nous laisser souffler. Mais attention : elle revient en force d\u00e8s ce week-end du 15 ao\u00fbt, comme pour nous rappeler qu\u2019elle n\u2019a pas dit son dernier mot.<\/strong><\/p>\n\n\n\n<p><strong>Oui, la Terre se r\u00e9chauffe, et ce n\u2019est plus un secret pour personne. Certes, d\u2019autres \u00e9poques ont connu des \u00e9t\u00e9s torrides, mais depuis quelques ann\u00e9es, on sent bien que quelque chose a chang\u00e9. Les saisons semblent avoir perdu leur boussole : pluie diluvienne quand on ne s\u2019y attend pas, s\u00e9cheresse persistante quand on en aurait le moins besoin, et incendies qui se multiplient aux quatre coins du pays.<\/strong><\/p>\n\n\n\n<p><strong>Un cocktail explosif qui nous pousse \u00e0 r\u00e9fl\u00e9chir s\u00e9rieusement \u00e0 l\u2019avenir\u2026 et \u00e0 l\u2019importance de prendre soin de notre plan\u00e8te, avant que le d\u00e9r\u00e8glement ne devienne la norme.<\/strong><\/p>\n\n\n\n<blockquote class=\"wp-block-quote is-layout-flow wp-block-quote-is-layout-flow\">\n<blockquote class=\"wp-block-quote is-layout-flow wp-block-quote-is-layout-flow\">\n<p><strong>quelques citations qui nous illustrent bien ce changement de saisons. <\/strong><\/p>\n\n\n\n<p><strong>1. <\/strong><strong><em>\u00ab Quand les saisons se m\u00e9langent, c\u2019est la Terre qui \u00e9crit un po\u00e8me d\u00e9sordonn\u00e9. \u00bb<\/em><\/strong><\/p>\n\n\n\n<p><strong>2. <\/strong><strong><em>\u00ab Les arbres connaissent mieux le climat que nos thermom\u00e8tres. \u00bb<\/em><\/strong><\/p>\n\n\n\n<p><strong>3. <\/strong><strong><em>\u00ab Chaque saison est une lettre du grand livre du climat\u2026 et certaines pages s\u2019effacent. \u00bb<\/em><\/strong><\/p>\n\n\n\n<p><strong>4. <\/strong><strong><em>\u00ab Le d\u00e9r\u00e8glement climatique n\u2019est plus un futur : c\u2019est notre pr\u00e9sent. \u00bb<\/em><\/strong><\/p>\n\n\n\n<p><strong>5. <\/strong><strong><em>\u00ab Quand la nature perd ses rep\u00e8res, c\u2019est que nous avons perdu les n\u00f4tres. \u00bb<\/em><\/strong><\/p>\n\n\n\n<p><strong>6. <\/strong><strong><em>\u00ab Les saisons changent plus vite que nos habitudes\u2026 et c\u2019est bien l\u00e0 le probl\u00e8me. \u00bb<\/em><\/strong><\/p>\n\n\n\n<p><strong>7. <\/strong><strong><em>\u00ab Les saisons ne sont plus celles de nos souvenirs\u2026 mais celles que nous leur avons laiss\u00e9es. \u00bb<\/em><\/strong><\/p>\n\n\n\n<p><strong>8. <\/strong><strong><em>\u00ab Le climat ne parle pas avec des mots, mais avec du vent, de la pluie et du feu. \u00bb<\/em><\/strong><\/p>\n\n\n\n<p><strong>9. <\/strong><strong><em>\u00ab Observer le ciel, c\u2019est lire l\u2019humeur de la plan\u00e8te. \u00bb<\/em><\/strong><\/p>\n<\/blockquote>\n<\/blockquote>\n\n\n\n<figure class=\"wp-block-image size-large\"><img loading=\"lazy\" decoding=\"async\" width=\"1024\" height=\"683\" src=\"https:\/\/nicole37.fr\/wp-content\/uploads\/2025\/08\/image-1-1024x683.png\" alt=\"\" class=\"wp-image-8149\" srcset=\"https:\/\/nicole37.fr\/wp-content\/uploads\/2025\/08\/image-1-1024x683.png 1024w, https:\/\/nicole37.fr\/wp-content\/uploads\/2025\/08\/image-1-300x200.png 300w, https:\/\/nicole37.fr\/wp-content\/uploads\/2025\/08\/image-1-768x512.png 768w, https:\/\/nicole37.fr\/wp-content\/uploads\/2025\/08\/image-1-1200x800.png 1200w, https:\/\/nicole37.fr\/wp-content\/uploads\/2025\/08\/image-1-1320x880.png 1320w, https:\/\/nicole37.fr\/wp-content\/uploads\/2025\/08\/image-1.png 1536w\" sizes=\"auto, (max-width: 709px) 85vw, (max-width: 909px) 67vw, (max-width: 1362px) 62vw, 840px\" \/><\/figure>\n\n\n\n<p> #Climat #Saisons #Plan\u00e8te<br><br><br><\/p>\n","protected":false},"excerpt":{"rendered":"<p>\ud83c\udf21\ufe0f Un \u00e9t\u00e9 qui joue avec nos nerfs \u00ab Quand l\u2019\u00e9t\u00e9 br\u00fble, que l\u2019automne pleure, que l\u2019hiver h\u00e9site et que le printemps s\u2019oublie\u2026 c\u2019est que le temps a perdu la m\u00e9moire. \u00bb&#8212;&#8212;&#8212;&#8212;&#8212;&#8212;&#8212;&#8212;&#8212;&#8212;&#8212;&#8212;&#8212;-La canicule a baiss\u00e9 d\u2019un ton\u2026 juste le temps de nous laisser souffler. Mais attention : elle revient en force d\u00e8s ce week-end du &hellip; <a href=\"https:\/\/nicole37.fr\/?p=8143\" class=\"more-link\">Continuer la lecture<span class=\"screen-reader-text\"> de &laquo;&nbsp;CANICULE 2025&nbsp;&raquo;<\/span><\/a><\/p>\n","protected":false},"author":1,"featured_media":0,"comment_status":"open","ping_status":"open","sticky":false,"template":"","format":"standard","meta":{"footnotes":""},"categories":[344,345,347,346],"tags":[],"class_list":["post-8143","post","type-post","status-publish","format-standard","hentry","category-canicule-2025","category-climat","category-planete","category-saisons"],"_links":{"self":[{"href":"https:\/\/nicole37.fr\/index.php?rest_route=\/wp\/v2\/posts\/8143","targetHints":{"allow":["GET"]}}],"collection":[{"href":"https:\/\/nicole37.fr\/index.php?rest_route=\/wp\/v2\/posts"}],"about":[{"href":"https:\/\/nicole37.fr\/index.php?rest_route=\/wp\/v2\/types\/post"}],"author":[{"embeddable":true,"href":"https:\/\/nicole37.fr\/index.php?rest_route=\/wp\/v2\/users\/1"}],"replies":[{"embeddable":true,"href":"https:\/\/nicole37.fr\/index.php?rest_route=%2Fwp%2Fv2%2Fcomments&post=8143"}],"version-history":[{"count":7,"href":"https:\/\/nicole37.fr\/index.php?rest_route=\/wp\/v2\/posts\/8143\/revisions"}],"predecessor-version":[{"id":8152,"href":"https:\/\/nicole37.fr\/index.php?rest_route=\/wp\/v2\/posts\/8143\/revisions\/8152"}],"wp:attachment":[{"href":"https:\/\/nicole37.fr\/index.php?rest_route=%2Fwp%2Fv2%2Fmedia&parent=8143"}],"wp:term":[{"taxonomy":"category","embeddable":true,"href":"https:\/\/nicole37.fr\/index.php?rest_route=%2Fwp%2Fv2%2Fcategories&post=8143"},{"taxonomy":"post_tag","embeddable":true,"href":"https:\/\/nicole37.fr\/index.php?rest_route=%2Fwp%2Fv2%2Ftags&post=8143"}],"curies":[{"name":"wp","href":"https:\/\/api.w.org\/{rel}","templated":true}]}}