{"id":8188,"date":"2025-09-02T15:10:28","date_gmt":"2025-09-02T13:10:28","guid":{"rendered":"https:\/\/nicole37.fr\/?p=8188"},"modified":"2025-09-02T15:10:28","modified_gmt":"2025-09-02T13:10:28","slug":"les-grandes-vacances","status":"publish","type":"post","link":"https:\/\/nicole37.fr\/?p=8188","title":{"rendered":"LES GRANDES VACANCES"},"content":{"rendered":"\n<p>Les grandes vacances sont finies pour tous, et les \u00e9coliers et \u00e9tudiants ont repris le chemin des cours. Et cela m&rsquo;a fait resurgir les souvenirs d&rsquo;enfance ! <\/p>\n\n\n\n<figure class=\"wp-block-image size-large\"><img loading=\"lazy\" decoding=\"async\" width=\"1024\" height=\"670\" src=\"https:\/\/nicole37.fr\/wp-content\/uploads\/2025\/09\/Capture-decran-2025-09-02-a-15.01.50-1024x670.png\" alt=\"\" class=\"wp-image-8190\" srcset=\"https:\/\/nicole37.fr\/wp-content\/uploads\/2025\/09\/Capture-decran-2025-09-02-a-15.01.50-1024x670.png 1024w, https:\/\/nicole37.fr\/wp-content\/uploads\/2025\/09\/Capture-decran-2025-09-02-a-15.01.50-300x196.png 300w, https:\/\/nicole37.fr\/wp-content\/uploads\/2025\/09\/Capture-decran-2025-09-02-a-15.01.50-768x502.png 768w, https:\/\/nicole37.fr\/wp-content\/uploads\/2025\/09\/Capture-decran-2025-09-02-a-15.01.50-1200x785.png 1200w, https:\/\/nicole37.fr\/wp-content\/uploads\/2025\/09\/Capture-decran-2025-09-02-a-15.01.50.png 1220w\" sizes=\"auto, (max-width: 709px) 85vw, (max-width: 909px) 67vw, (max-width: 1362px) 62vw, 840px\" \/><\/figure>\n\n\n\n<p>Il suffit parfois d\u2019un parfum, d\u2019un son ou d\u2019une image pour que ressurgissent les souvenirs d\u2019enfance. Ceux des vacances chez ma grand-m\u00e8re font partie des plus pr\u00e9cieux. De petites sc\u00e8nes simples, mais remplies de tendresse et d\u2019\u00e9motion, qui ont marqu\u00e9 \u00e0 jamais mes \u00e9t\u00e9s.<br><\/p>\n\n\n\n<p>D\u00e8s mon arriv\u00e9e, tout prenait une autre saveur : la maison embaumait la confiture de prunes qui mijotait doucement, et le plancher grin\u00e7ait sous mes pas comme pour me souhaiter la bienvenue.<\/p>\n\n\n\n<p><br>Le jardin, avec ses all\u00e9es un peu sauvages et ses rosiers aux couleurs \u00e9clatantes,<br>devenait notre royaume. Avec presque rien, nous inventions des jeux qui occupaient nos journ\u00e9es enti\u00e8res. Deux planches de bois clou\u00e9es ensemble se transformaient en \u00e9chasses fragiles sur lesquelles nous avancions, le c\u0153ur battant, fiers de chaque pas gagn\u00e9. Plus loin, un cerceau r\u00e9cup\u00e9r\u00e9 d\u2019une vieille charrette roulait sur la cour pav\u00e9e, poursuivi par nos cris de joie.<br>Il n\u2019y avait pas de jouets sophistiqu\u00e9s, ni d\u2019\u00e9crans pour occuper notre temps. Juste la nature, nos mains cr\u00e9atives et notre imagination d\u00e9bordante. Et cela suffisait \u00e0  remplir nos journ\u00e9es d\u2019aventures et de rires.<\/p>\n\n\n\n<p>Le soir venu, l\u2019air se rafra\u00eechissait et l\u2019odeur du potage s\u2019\u00e9chappait de la cuisine. Ma grand-m\u00e8re pr\u00e9parait le d\u00eener dans un calme rassurant : quelques l\u00e9gumes du jardin mijotaient dans la grande marmite, pendant que le pain de la veille se faisait griller sur le coin de la cuisini\u00e8re. Nous revenions alors, fatigu\u00e9s mais heureux, les genoux \u00e9corch\u00e9s et les joues encore chaudes du soleil.<br>Et puis, avant m\u00eame que la nuit tombe, ma grand-m\u00e8re fermait les volets. Elle tenait \u00e0 ce rituel, sans doute par habitude, mais moi, cela me serrait le c\u0153ur. Dehors, le jour brillait encore, les oiseaux chantaient toujours, et j\u2019avais l\u2019impression qu\u2019on m\u2019arrachait un petit morceau de libert\u00e9. Ce pincement au c\u0153ur, je le ressens encore aujourd\u2019hui en y repensant.<br>C\u2019\u00e9tait pourtant un temps d\u2019insouciance, un temps o\u00f9 la vie semblait simple et douce.<br><\/p>\n\n\n\n<p>Ces instants, grav\u00e9s dans ma m\u00e9moire, portent encore le parfum du bonheur.<br><em><strong>\u25a0 Et vous, quels souvenirs d\u2019enfance gardez-vous de vos \u00e9t\u00e9s chez vos grands-parents ?<\/strong><\/em><\/p>\n\n\n\n<p><\/p>\n","protected":false},"excerpt":{"rendered":"<p>Les grandes vacances sont finies pour tous, et les \u00e9coliers et \u00e9tudiants ont repris le chemin des cours. Et cela m&rsquo;a fait resurgir les souvenirs d&rsquo;enfance ! Il suffit parfois d\u2019un parfum, d\u2019un son ou d\u2019une image pour que ressurgissent les souvenirs d\u2019enfance. Ceux des vacances chez ma grand-m\u00e8re font partie des plus pr\u00e9cieux. De &hellip; <a href=\"https:\/\/nicole37.fr\/?p=8188\" class=\"more-link\">Continuer la lecture<span class=\"screen-reader-text\"> de &laquo;&nbsp;LES GRANDES VACANCES&nbsp;&raquo;<\/span><\/a><\/p>\n","protected":false},"author":1,"featured_media":0,"comment_status":"open","ping_status":"open","sticky":false,"template":"","format":"standard","meta":{"footnotes":""},"categories":[353,78],"tags":[],"class_list":["post-8188","post","type-post","status-publish","format-standard","hentry","category-les-grandes-vacances","category-souvenirs"],"_links":{"self":[{"href":"https:\/\/nicole37.fr\/index.php?rest_route=\/wp\/v2\/posts\/8188","targetHints":{"allow":["GET"]}}],"collection":[{"href":"https:\/\/nicole37.fr\/index.php?rest_route=\/wp\/v2\/posts"}],"about":[{"href":"https:\/\/nicole37.fr\/index.php?rest_route=\/wp\/v2\/types\/post"}],"author":[{"embeddable":true,"href":"https:\/\/nicole37.fr\/index.php?rest_route=\/wp\/v2\/users\/1"}],"replies":[{"embeddable":true,"href":"https:\/\/nicole37.fr\/index.php?rest_route=%2Fwp%2Fv2%2Fcomments&post=8188"}],"version-history":[{"count":1,"href":"https:\/\/nicole37.fr\/index.php?rest_route=\/wp\/v2\/posts\/8188\/revisions"}],"predecessor-version":[{"id":8191,"href":"https:\/\/nicole37.fr\/index.php?rest_route=\/wp\/v2\/posts\/8188\/revisions\/8191"}],"wp:attachment":[{"href":"https:\/\/nicole37.fr\/index.php?rest_route=%2Fwp%2Fv2%2Fmedia&parent=8188"}],"wp:term":[{"taxonomy":"category","embeddable":true,"href":"https:\/\/nicole37.fr\/index.php?rest_route=%2Fwp%2Fv2%2Fcategories&post=8188"},{"taxonomy":"post_tag","embeddable":true,"href":"https:\/\/nicole37.fr\/index.php?rest_route=%2Fwp%2Fv2%2Ftags&post=8188"}],"curies":[{"name":"wp","href":"https:\/\/api.w.org\/{rel}","templated":true}]}}