{"id":8215,"date":"2025-09-22T08:55:48","date_gmt":"2025-09-22T06:55:48","guid":{"rendered":"https:\/\/nicole37.fr\/?p=8215"},"modified":"2025-09-22T08:55:48","modified_gmt":"2025-09-22T06:55:48","slug":"lautomne","status":"publish","type":"post","link":"https:\/\/nicole37.fr\/?p=8215","title":{"rendered":"L\u2019AUTOMNE"},"content":{"rendered":"\n<p class=\"has-text-align-center\">                                <strong><em>Nous sommes le 22 Septembre et l\u2019automne est l\u00e0.<\/em><\/strong><\/p>\n\n\n<div class=\"wp-block-image\">\n<figure class=\"aligncenter size-large is-resized\"><img loading=\"lazy\" decoding=\"async\" width=\"683\" height=\"1024\" src=\"https:\/\/nicole37.fr\/wp-content\/uploads\/2025\/09\/IMG_3935-683x1024.png\" alt=\"\" class=\"wp-image-8217\" style=\"width:350px;height:auto\" srcset=\"https:\/\/nicole37.fr\/wp-content\/uploads\/2025\/09\/IMG_3935-683x1024.png 683w, https:\/\/nicole37.fr\/wp-content\/uploads\/2025\/09\/IMG_3935-200x300.png 200w, https:\/\/nicole37.fr\/wp-content\/uploads\/2025\/09\/IMG_3935-768x1152.png 768w, https:\/\/nicole37.fr\/wp-content\/uploads\/2025\/09\/IMG_3935.png 1024w\" sizes=\"auto, (max-width: 709px) 85vw, (max-width: 909px) 67vw, (max-width: 984px) 61vw, (max-width: 1362px) 45vw, 600px\" \/><\/figure>\n<\/div>\n\n\n<p>L\u2019\u00e9t\u00e9 s\u2019ach\u00e8ve et l\u2019automne ouvre ses portes. Une belle saison o\u00f9 tout ce qui \u00e9tait en fleur se meurt et o\u00f9 la verdure jaunit.<br>Les arbres se parent de dorures \u00e9clatantes, leurs feuillages semblant capturer les derniers rayons du soleil. Chaque pas sur les sentiers devient musique l\u00e9g\u00e8re, rythm\u00e9e par le craquement des feuilles mortes, tapis fragile aux mille couleurs. Le vent, parfois discret, parfois joueur, les emporte dans une danse virevoltante avant de les d\u00e9poser au hasard du chemin.<\/p>\n\n\n\n<p>Pourtant, je n\u2019aime pas cette transition, cette p\u00e9riode d\u2019octobre \u00e0 novembre. Les journ\u00e9es s\u2019amenuisent, la lumi\u00e8re se fait rare, et le changement d\u2019heure vient troubler notre rythme int\u00e9rieur, comme une dissonance impos\u00e9e. Puis arrive novembre, mois de la Toussaint, o\u00f9 les pens\u00e9es se tournent vers nos d\u00e9funts, ramenant une m\u00e9lancolie silencieuse. Le noir m\u2019insupporte, car je ne respire vraiment que sous la clart\u00e9 du soleil, ce compagnon lumineux qui me r\u00e9chauffe et me redonne vie. \u2600\ufe0f<\/p>\n\n\n\n<p>Et puis, doucement, d\u00e9cembre s\u2019installe. Le froid devient plus vif, mais les lumi\u00e8res renaissent au c\u0153ur des villes et des villages. Les d\u00e9corations illuminent les rues, les maisons s\u2019ornent de guirlandes scintillantes, et la nuit n\u2019est plus tout \u00e0 fait noire. Les march\u00e9s de No\u00ebl, les parfums d\u2019\u00e9pices et de bois br\u00fbl\u00e9 emplissent l\u2019air, rappelant que m\u00eame au c\u0153ur de l\u2019hiver, une chaleur particuli\u00e8re nous rassemble. Alors l\u2019obscurit\u00e9 se fait complice des lueurs, et d\u00e9cembre, avec ses f\u00eates et ses promesses, vient r\u00e9enchanter la saison.<\/p>\n\n\n\n<figure class=\"wp-block-image size-large\"><img loading=\"lazy\" decoding=\"async\" width=\"1024\" height=\"357\" src=\"https:\/\/nicole37.fr\/wp-content\/uploads\/2025\/09\/Sans-titre-1024x357.jpg\" alt=\"\" class=\"wp-image-8223\" srcset=\"https:\/\/nicole37.fr\/wp-content\/uploads\/2025\/09\/Sans-titre-1024x357.jpg 1024w, https:\/\/nicole37.fr\/wp-content\/uploads\/2025\/09\/Sans-titre-300x104.jpg 300w, https:\/\/nicole37.fr\/wp-content\/uploads\/2025\/09\/Sans-titre-768x268.jpg 768w, https:\/\/nicole37.fr\/wp-content\/uploads\/2025\/09\/Sans-titre-1536x535.jpg 1536w, https:\/\/nicole37.fr\/wp-content\/uploads\/2025\/09\/Sans-titre-2048x713.jpg 2048w, https:\/\/nicole37.fr\/wp-content\/uploads\/2025\/09\/Sans-titre-1200x418.jpg 1200w, https:\/\/nicole37.fr\/wp-content\/uploads\/2025\/09\/Sans-titre-1320x460.jpg 1320w\" sizes=\"auto, (max-width: 709px) 85vw, (max-width: 909px) 67vw, (max-width: 1362px) 62vw, 840px\" \/><figcaption class=\"wp-element-caption\">Screenshot<\/figcaption><\/figure>\n\n\n\n<p><br><\/p>\n","protected":false},"excerpt":{"rendered":"<p>Nous sommes le 22 Septembre et l\u2019automne est l\u00e0. L\u2019\u00e9t\u00e9 s\u2019ach\u00e8ve et l\u2019automne ouvre ses portes. Une belle saison o\u00f9 tout ce qui \u00e9tait en fleur se meurt et o\u00f9 la verdure jaunit.Les arbres se parent de dorures \u00e9clatantes, leurs feuillages semblant capturer les derniers rayons du soleil. Chaque pas sur les sentiers devient musique &hellip; <a href=\"https:\/\/nicole37.fr\/?p=8215\" class=\"more-link\">Continuer la lecture<span class=\"screen-reader-text\"> de &laquo;&nbsp;L\u2019AUTOMNE&nbsp;&raquo;<\/span><\/a><\/p>\n","protected":false},"author":1,"featured_media":0,"comment_status":"open","ping_status":"open","sticky":false,"template":"","format":"standard","meta":{"footnotes":""},"categories":[3,359],"tags":[],"class_list":["post-8215","post","type-post","status-publish","format-standard","hentry","category-uncategorized","category-lautomne"],"_links":{"self":[{"href":"https:\/\/nicole37.fr\/index.php?rest_route=\/wp\/v2\/posts\/8215","targetHints":{"allow":["GET"]}}],"collection":[{"href":"https:\/\/nicole37.fr\/index.php?rest_route=\/wp\/v2\/posts"}],"about":[{"href":"https:\/\/nicole37.fr\/index.php?rest_route=\/wp\/v2\/types\/post"}],"author":[{"embeddable":true,"href":"https:\/\/nicole37.fr\/index.php?rest_route=\/wp\/v2\/users\/1"}],"replies":[{"embeddable":true,"href":"https:\/\/nicole37.fr\/index.php?rest_route=%2Fwp%2Fv2%2Fcomments&post=8215"}],"version-history":[{"count":6,"href":"https:\/\/nicole37.fr\/index.php?rest_route=\/wp\/v2\/posts\/8215\/revisions"}],"predecessor-version":[{"id":8224,"href":"https:\/\/nicole37.fr\/index.php?rest_route=\/wp\/v2\/posts\/8215\/revisions\/8224"}],"wp:attachment":[{"href":"https:\/\/nicole37.fr\/index.php?rest_route=%2Fwp%2Fv2%2Fmedia&parent=8215"}],"wp:term":[{"taxonomy":"category","embeddable":true,"href":"https:\/\/nicole37.fr\/index.php?rest_route=%2Fwp%2Fv2%2Fcategories&post=8215"},{"taxonomy":"post_tag","embeddable":true,"href":"https:\/\/nicole37.fr\/index.php?rest_route=%2Fwp%2Fv2%2Ftags&post=8215"}],"curies":[{"name":"wp","href":"https:\/\/api.w.org\/{rel}","templated":true}]}}