{"id":8468,"date":"2025-11-03T21:17:21","date_gmt":"2025-11-03T20:17:21","guid":{"rendered":"https:\/\/nicole37.fr\/?p=8468"},"modified":"2025-11-03T21:18:20","modified_gmt":"2025-11-03T20:18:20","slug":"neuille-entre-souvenir-et-realite","status":"publish","type":"post","link":"https:\/\/nicole37.fr\/?p=8468","title":{"rendered":"NEUILLE. ENTRE SOUVENIR ET REALIT\u00c9"},"content":{"rendered":"\n<p><strong>Ah, le Neuill\u00e9 de mon enfance\u2026<\/strong><\/p>\n\n\n\n<p><strong>Qu\u2019il \u00e9tait agr\u00e9able d\u2019y passer les vacances ! Nous vivions sans contrainte, sans crainte, en toute libert\u00e9. La s\u00e9curit\u00e9 \u00e9tait naturelle, presque \u00e9vidente. On circulait sans peur, les portes et les c\u0153urs \u00e9taient ouverts.<\/strong><\/p>\n\n\n\n<p><strong>Avec les ann\u00e9es, bien s\u00fbr, les choses \u00e9voluent. Les innovations arrivent, les besoins changent, c\u2019est normal. Mais j\u2019ai l\u2019impression que notre village a voulu aller trop vite, trop fort. Les constructions se multiplient, les zones industrielles poussent comme des champignons\u2026 et mon Neuill\u00e9, celui que j\u2019aimais tant, devient difficile \u00e0 reconna\u00eetre.<\/strong><\/p>\n\n\n\n<p><strong>Nous avons bien un policier municipal, et une gendarmerie. Mais lorsque l\u2019on a r\u00e9ellement besoin d\u2019eux, c\u2019est souvent vers une commune voisine, pr\u00e8s de Tours, qu\u2019il faut se tourner \u2014 La Membrolle-sur-Choisille, par exemple.<\/strong><\/p>\n\n\n\n<p><strong>Alors, petit \u00e0 petit, la s\u00e9curit\u00e9 n\u2019est plus ce qu\u2019elle \u00e9tait : les vols, les effractions, les incivilit\u00e9s se font de plus en plus sentir. L\u2019ambiance change, les comportements aussi.<\/strong><\/p>\n\n\n\n<p><strong>Et pendant ce temps, on pr\u00e9f\u00e8re, semble-t-il, dresser des proc\u00e8s-verbaux pour des stationnements \u00ab non conformes \u00bb, comme si cela \u00e9tait devenu plus important que le reste.<\/strong><\/p>\n\n\n\n<p><strong>Souvenir, regret et tendresse se m\u00ealent dans ce constat : le Neuill\u00e9 chaleureux, simple et serein d\u2019autrefois s\u2019\u00e9loigne\u2026 et il manque, profond\u00e9ment.<\/strong><\/p>\n","protected":false},"excerpt":{"rendered":"<p>Ah, le Neuill\u00e9 de mon enfance\u2026 Qu\u2019il \u00e9tait agr\u00e9able d\u2019y passer les vacances ! Nous vivions sans contrainte, sans crainte, en toute libert\u00e9. La s\u00e9curit\u00e9 \u00e9tait naturelle, presque \u00e9vidente. On circulait sans peur, les portes et les c\u0153urs \u00e9taient ouverts. Avec les ann\u00e9es, bien s\u00fbr, les choses \u00e9voluent. Les innovations arrivent, les besoins changent, c\u2019est &hellip; <a href=\"https:\/\/nicole37.fr\/?p=8468\" class=\"more-link\">Continuer la lecture<span class=\"screen-reader-text\"> de &laquo;&nbsp;NEUILLE. ENTRE SOUVENIR ET REALIT\u00c9&nbsp;&raquo;<\/span><\/a><\/p>\n","protected":false},"author":1,"featured_media":0,"comment_status":"open","ping_status":"open","sticky":false,"template":"","format":"standard","meta":{"footnotes":""},"categories":[393,163],"tags":[],"class_list":["post-8468","post","type-post","status-publish","format-standard","hentry","category-neuille-entre-souvenir-et-realite","category-neuille-point-pierre"],"_links":{"self":[{"href":"https:\/\/nicole37.fr\/index.php?rest_route=\/wp\/v2\/posts\/8468","targetHints":{"allow":["GET"]}}],"collection":[{"href":"https:\/\/nicole37.fr\/index.php?rest_route=\/wp\/v2\/posts"}],"about":[{"href":"https:\/\/nicole37.fr\/index.php?rest_route=\/wp\/v2\/types\/post"}],"author":[{"embeddable":true,"href":"https:\/\/nicole37.fr\/index.php?rest_route=\/wp\/v2\/users\/1"}],"replies":[{"embeddable":true,"href":"https:\/\/nicole37.fr\/index.php?rest_route=%2Fwp%2Fv2%2Fcomments&post=8468"}],"version-history":[{"count":1,"href":"https:\/\/nicole37.fr\/index.php?rest_route=\/wp\/v2\/posts\/8468\/revisions"}],"predecessor-version":[{"id":8469,"href":"https:\/\/nicole37.fr\/index.php?rest_route=\/wp\/v2\/posts\/8468\/revisions\/8469"}],"wp:attachment":[{"href":"https:\/\/nicole37.fr\/index.php?rest_route=%2Fwp%2Fv2%2Fmedia&parent=8468"}],"wp:term":[{"taxonomy":"category","embeddable":true,"href":"https:\/\/nicole37.fr\/index.php?rest_route=%2Fwp%2Fv2%2Fcategories&post=8468"},{"taxonomy":"post_tag","embeddable":true,"href":"https:\/\/nicole37.fr\/index.php?rest_route=%2Fwp%2Fv2%2Ftags&post=8468"}],"curies":[{"name":"wp","href":"https:\/\/api.w.org\/{rel}","templated":true}]}}