{"id":8535,"date":"2025-11-19T03:02:00","date_gmt":"2025-11-19T02:02:00","guid":{"rendered":"https:\/\/nicole37.fr\/?p=8535"},"modified":"2025-11-19T03:10:27","modified_gmt":"2025-11-19T02:10:27","slug":"municipales-2026-a-neuille-pont-pierre","status":"publish","type":"post","link":"https:\/\/nicole37.fr\/?p=8535","title":{"rendered":"MUNICIPALES 2026 \u00c0 NEUILL\u00c9 PONT PIERRE"},"content":{"rendered":"\n<h5 class=\"wp-block-heading\"><br><br><strong>Christophe Roy officialise sa candidature<\/strong><br><br><\/h5>\n\n\n\n<figure class=\"wp-block-image size-large\"><img loading=\"lazy\" decoding=\"async\" width=\"573\" height=\"1024\" src=\"https:\/\/nicole37.fr\/wp-content\/uploads\/2025\/11\/IMG_0773-1-573x1024.jpeg\" alt=\"\" class=\"wp-image-8537\" srcset=\"https:\/\/nicole37.fr\/wp-content\/uploads\/2025\/11\/IMG_0773-1-573x1024.jpeg 573w, https:\/\/nicole37.fr\/wp-content\/uploads\/2025\/11\/IMG_0773-1-168x300.jpeg 168w, https:\/\/nicole37.fr\/wp-content\/uploads\/2025\/11\/IMG_0773-1-768x1371.jpeg 768w, https:\/\/nicole37.fr\/wp-content\/uploads\/2025\/11\/IMG_0773-1-860x1536.jpeg 860w, https:\/\/nicole37.fr\/wp-content\/uploads\/2025\/11\/IMG_0773-1.jpeg 905w\" sizes=\"auto, (max-width: 573px) 85vw, 573px\" \/><figcaption class=\"wp-element-caption\">Screenshot<\/figcaption><\/figure>\n\n\n\n<p><strong>\ud83d\udccc Un candidat ancr\u00e9 dans la commune<\/strong><\/p>\n\n\n\n<p>\u00c2g\u00e9 de 54 ans, Christophe Roy, dont les origines familiales sont ancr\u00e9es dans la commune, annonce sa candidature \u00e0 la mairie de Neuill\u00e9-Pont-Pierre pour les prochaines municipales.<\/p>\n\n\n\n<p>Apr\u00e8s des \u00e9tudes de commerce international et un BTS agricole, il a exerc\u00e9 la profession de commercial.<\/p>\n\n\n\n<p>Son engagement municipal commence en 2014 et, en 2020, il acc\u00e8de au r\u00f4le de premier adjoint, charg\u00e9 de l\u2019am\u00e9nagement, de l\u2019urbanisme, de la voirie et du g\u00e9nie civil.<\/p>\n\n\n\n<p><strong>\ud83d\udde3\ufe0f Une candidature dans la continuit\u00e9<\/strong><\/p>\n\n\n\n<p>Il pr\u00e9cise :<\/p>\n\n\n\n<p>\u00ab Ma candidature s\u2019inscrit dans la continuit\u00e9 du travail accompli. Je n\u2019ai aucun soutien politique et demande simplement celui des habitants. Je reste un homme de terrain, profond\u00e9ment attach\u00e9 \u00e0 ma commune. \u00bb<\/p>\n\n\n\n<p>Et ajoute :<\/p>\n\n\n\n<p>\u00ab Neuill\u00e9-Pont-Pierre occupe une position centrale dans le territoire de G\u00e2tine-Racan, avec un potentiel de d\u00e9veloppement \u00e9troitement li\u00e9 au label Petite Ville de Demain. \u00bb<\/p>\n\n\n\n<p>Ses priorit\u00e9s annonc\u00e9es :<\/p>\n\n\n\n<ul class=\"wp-block-list\">\n<li>Soutien \u00e0 l\u2019\u00e9conomie locale<\/li>\n\n\n\n<li>Renforcement des liens interg\u00e9n\u00e9rationnels<\/li>\n\n\n\n<li>Vision claire pour l\u2019avenir de la commune<\/li>\n\n\n\n<li>\u00c9quipe paritaire m\u00ealant exp\u00e9rience et nouveaux candidats<\/li>\n<\/ul>\n\n\n\n<p><strong>\ud83d\udfe6 Analyse \/ Opinion du blog<\/strong><\/p>\n\n\n\n<p><strong>\ud83d\udd0d Continuit\u00e9\u2026 ou volont\u00e9 de changement ?<\/strong><\/p>\n\n\n\n<p>L\u2019article du journal met en avant une candidature dans la continuit\u00e9.<\/p>\n\n\n\n<p>Or, une partie de la population exprime aujourd\u2019hui un souhait diff\u00e9rent : celui d\u2019une rupture nette, d\u2019un nouveau souffle et d\u2019une approche plus participative.<\/p>\n\n\n\n<p><strong>\ud83e\udded Enjeux pour Neuill\u00e9-Pont-Pierre<\/strong><\/p>\n\n\n\n<p>Dans un village en \u00e9volution, o\u00f9 les attentes changent et o\u00f9 les habitants r\u00e9clament davantage d\u2019\u00e9coute, la question centrale sera :<\/p>\n\n\n\n<p>La continuit\u00e9 suffit-elle, ou faut-il ouvrir une nouvelle page pour 2026 ?<\/p>\n\n\n\n<p>Cette \u00e9lection d\u00e9terminera le projet de territoire pour les ann\u00e9es \u00e0 venir :<\/p>\n\n\n\n<p>urbanisme, cadre de vie, attractivit\u00e9, dynamisme associatif, coh\u00e9sion entre les g\u00e9n\u00e9rations\u2026<\/p>\n\n\n\n<p><strong>\ud83d\uddf3\ufe0f \u00c0 suivre\u2026<\/strong><\/p>\n\n\n\n<p>Le d\u00e9bat ne fait que commencer. D\u2019autres candidatures pourraient \u00e9merger, apportant peut-\u00eatre une vision nouvelle \u2014 ou une alternative aux choix actuels.<\/p>\n","protected":false},"excerpt":{"rendered":"<p>Christophe Roy officialise sa candidature \ud83d\udccc Un candidat ancr\u00e9 dans la commune \u00c2g\u00e9 de 54 ans, Christophe Roy, dont les origines familiales sont ancr\u00e9es dans la commune, annonce sa candidature \u00e0 la mairie de Neuill\u00e9-Pont-Pierre pour les prochaines municipales. Apr\u00e8s des \u00e9tudes de commerce international et un BTS agricole, il a exerc\u00e9 la profession de &hellip; <a href=\"https:\/\/nicole37.fr\/?p=8535\" class=\"more-link\">Continuer la lecture<span class=\"screen-reader-text\"> de &laquo;&nbsp;MUNICIPALES 2026 \u00c0 NEUILL\u00c9 PONT PIERRE&nbsp;&raquo;<\/span><\/a><\/p>\n","protected":false},"author":1,"featured_media":0,"comment_status":"open","ping_status":"open","sticky":false,"template":"","format":"standard","meta":{"footnotes":""},"categories":[404,405,406,138,68],"tags":[],"class_list":["post-8535","post","type-post","status-publish","format-standard","hentry","category-municipales-2026-a-neuille-pont-pierre","category-municipales-2026-a-neuille-pont-pierre-politique-marc-arnaud-auteur-realisateur","category-municipales-2026-a-neuille-pont-pierre-politique","category-neuille-pont-pierre","category-politique"],"_links":{"self":[{"href":"https:\/\/nicole37.fr\/index.php?rest_route=\/wp\/v2\/posts\/8535","targetHints":{"allow":["GET"]}}],"collection":[{"href":"https:\/\/nicole37.fr\/index.php?rest_route=\/wp\/v2\/posts"}],"about":[{"href":"https:\/\/nicole37.fr\/index.php?rest_route=\/wp\/v2\/types\/post"}],"author":[{"embeddable":true,"href":"https:\/\/nicole37.fr\/index.php?rest_route=\/wp\/v2\/users\/1"}],"replies":[{"embeddable":true,"href":"https:\/\/nicole37.fr\/index.php?rest_route=%2Fwp%2Fv2%2Fcomments&post=8535"}],"version-history":[{"count":2,"href":"https:\/\/nicole37.fr\/index.php?rest_route=\/wp\/v2\/posts\/8535\/revisions"}],"predecessor-version":[{"id":8538,"href":"https:\/\/nicole37.fr\/index.php?rest_route=\/wp\/v2\/posts\/8535\/revisions\/8538"}],"wp:attachment":[{"href":"https:\/\/nicole37.fr\/index.php?rest_route=%2Fwp%2Fv2%2Fmedia&parent=8535"}],"wp:term":[{"taxonomy":"category","embeddable":true,"href":"https:\/\/nicole37.fr\/index.php?rest_route=%2Fwp%2Fv2%2Fcategories&post=8535"},{"taxonomy":"post_tag","embeddable":true,"href":"https:\/\/nicole37.fr\/index.php?rest_route=%2Fwp%2Fv2%2Ftags&post=8535"}],"curies":[{"name":"wp","href":"https:\/\/api.w.org\/{rel}","templated":true}]}}