{"id":8546,"date":"2025-11-20T07:51:28","date_gmt":"2025-11-20T06:51:28","guid":{"rendered":"https:\/\/nicole37.fr\/?p=8546"},"modified":"2025-11-20T07:51:28","modified_gmt":"2025-11-20T06:51:28","slug":"marche-de-noel","status":"publish","type":"post","link":"https:\/\/nicole37.fr\/?p=8546","title":{"rendered":"MARCHE DE NOEL"},"content":{"rendered":"\n<p>Le march\u00e9 de No\u00ebl de Neuill\u00e9 Pont Pierre se tiendra le :<\/p>\n\n\n\n<ul class=\"wp-block-list\">\n<li><strong><em>Samedi 13 D\u00e9cembre 2025. <\/em><\/strong><br><strong>Lieu<\/strong> : Place L\u00e9onard de Vinci de <strong>10h \u00e0 17h.<\/strong><\/li>\n<\/ul>\n\n\n\n<figure class=\"wp-block-image size-large is-resized\"><img loading=\"lazy\" decoding=\"async\" width=\"1024\" height=\"768\" src=\"https:\/\/nicole37.fr\/wp-content\/uploads\/2025\/11\/IMG_4557-1024x768.jpeg\" alt=\"\" class=\"wp-image-8547\" style=\"width:324px;height:auto\" srcset=\"https:\/\/nicole37.fr\/wp-content\/uploads\/2025\/11\/IMG_4557-1024x768.jpeg 1024w, https:\/\/nicole37.fr\/wp-content\/uploads\/2025\/11\/IMG_4557-300x225.jpeg 300w, https:\/\/nicole37.fr\/wp-content\/uploads\/2025\/11\/IMG_4557-768x576.jpeg 768w, https:\/\/nicole37.fr\/wp-content\/uploads\/2025\/11\/IMG_4557-1536x1152.jpeg 1536w, https:\/\/nicole37.fr\/wp-content\/uploads\/2025\/11\/IMG_4557-2048x1536.jpeg 2048w, https:\/\/nicole37.fr\/wp-content\/uploads\/2025\/11\/IMG_4557-1200x900.jpeg 1200w, https:\/\/nicole37.fr\/wp-content\/uploads\/2025\/11\/IMG_4557-1320x990.jpeg 1320w\" sizes=\"auto, (max-width: 709px) 85vw, (max-width: 909px) 67vw, (max-width: 1362px) 62vw, 840px\" \/><\/figure>\n","protected":false},"excerpt":{"rendered":"<p>Le march\u00e9 de No\u00ebl de Neuill\u00e9 Pont Pierre se tiendra le :<\/p>\n","protected":false},"author":1,"featured_media":0,"comment_status":"open","ping_status":"open","sticky":false,"template":"","format":"standard","meta":{"footnotes":""},"categories":[29,410,411,163],"tags":[],"class_list":["post-8546","post","type-post","status-publish","format-standard","hentry","category-fetes","category-marche-de-noel2025","category-marche-de-noel2025-fetes","category-neuille-point-pierre"],"_links":{"self":[{"href":"https:\/\/nicole37.fr\/index.php?rest_route=\/wp\/v2\/posts\/8546","targetHints":{"allow":["GET"]}}],"collection":[{"href":"https:\/\/nicole37.fr\/index.php?rest_route=\/wp\/v2\/posts"}],"about":[{"href":"https:\/\/nicole37.fr\/index.php?rest_route=\/wp\/v2\/types\/post"}],"author":[{"embeddable":true,"href":"https:\/\/nicole37.fr\/index.php?rest_route=\/wp\/v2\/users\/1"}],"replies":[{"embeddable":true,"href":"https:\/\/nicole37.fr\/index.php?rest_route=%2Fwp%2Fv2%2Fcomments&post=8546"}],"version-history":[{"count":2,"href":"https:\/\/nicole37.fr\/index.php?rest_route=\/wp\/v2\/posts\/8546\/revisions"}],"predecessor-version":[{"id":8556,"href":"https:\/\/nicole37.fr\/index.php?rest_route=\/wp\/v2\/posts\/8546\/revisions\/8556"}],"wp:attachment":[{"href":"https:\/\/nicole37.fr\/index.php?rest_route=%2Fwp%2Fv2%2Fmedia&parent=8546"}],"wp:term":[{"taxonomy":"category","embeddable":true,"href":"https:\/\/nicole37.fr\/index.php?rest_route=%2Fwp%2Fv2%2Fcategories&post=8546"},{"taxonomy":"post_tag","embeddable":true,"href":"https:\/\/nicole37.fr\/index.php?rest_route=%2Fwp%2Fv2%2Ftags&post=8546"}],"curies":[{"name":"wp","href":"https:\/\/api.w.org\/{rel}","templated":true}]}}