{"id":8776,"date":"2026-03-12T06:02:40","date_gmt":"2026-03-12T05:02:40","guid":{"rendered":"https:\/\/nicole37.fr\/?p=8776"},"modified":"2026-03-12T06:02:40","modified_gmt":"2026-03-12T05:02:40","slug":"deces-de-joel-nicolas","status":"publish","type":"post","link":"https:\/\/nicole37.fr\/?p=8776","title":{"rendered":"D\u00c9C\u00c8S DE Jo\u00ebl NICOLAS"},"content":{"rendered":"\n<p>Que de tristesse dans le village de Neuill\u00e9 Pont Pierre. <br>En effet, cet homme, NICOLAS Jo\u00ebl (dit Jojo) repr\u00e9sentait dans notre village une joie de vivre. Malgr\u00e9 sa sant\u00e9 pr\u00e9caire il savait se montrer courtois, gentil, pr\u00e9venant. Il avait un courage exemplaire pour affronter sa maladie. <br>Malheureusement la maladie a pris le dessus et Jo\u00ebl s\u2019en est all\u00e9 paisiblement. <br>Une pens\u00e9e sp\u00e9ciale \u00e0 lui, qu\u2019il repose en paix. \ud83d\ude4f<\/p>\n\n\n\n<p>Et sinc\u00e8res condol\u00e9ances \u00e0 la famille. <\/p>\n\n\n\n<figure class=\"wp-block-image size-full\"><img loading=\"lazy\" decoding=\"async\" width=\"634\" height=\"839\" src=\"https:\/\/nicole37.fr\/wp-content\/uploads\/2026\/03\/IMG_1638.jpeg\" alt=\"\" class=\"wp-image-8777\" srcset=\"https:\/\/nicole37.fr\/wp-content\/uploads\/2026\/03\/IMG_1638.jpeg 634w, https:\/\/nicole37.fr\/wp-content\/uploads\/2026\/03\/IMG_1638-227x300.jpeg 227w\" sizes=\"auto, (max-width: 709px) 85vw, (max-width: 909px) 67vw, (max-width: 984px) 61vw, (max-width: 1362px) 45vw, 600px\" \/><figcaption class=\"wp-element-caption\">Screenshot<\/figcaption><\/figure>\n","protected":false},"excerpt":{"rendered":"<p>Que de tristesse dans le village de Neuill\u00e9 Pont Pierre. En effet, cet homme, NICOLAS Jo\u00ebl (dit Jojo) repr\u00e9sentait dans notre village une joie de vivre. Malgr\u00e9 sa sant\u00e9 pr\u00e9caire il savait se montrer courtois, gentil, pr\u00e9venant. Il avait un courage exemplaire pour affronter sa maladie. Malheureusement la maladie a pris le dessus et Jo\u00ebl &hellip; <a href=\"https:\/\/nicole37.fr\/?p=8776\" class=\"more-link\">Continuer la lecture<span class=\"screen-reader-text\"> de &laquo;&nbsp;D\u00c9C\u00c8S DE Jo\u00ebl NICOLAS&nbsp;&raquo;<\/span><\/a><\/p>\n","protected":false},"author":1,"featured_media":0,"comment_status":"open","ping_status":"open","sticky":false,"template":"","format":"standard","meta":{"footnotes":""},"categories":[432,163],"tags":[],"class_list":["post-8776","post","type-post","status-publish","format-standard","hentry","category-deces-joel-nicolas","category-neuille-point-pierre"],"_links":{"self":[{"href":"https:\/\/nicole37.fr\/index.php?rest_route=\/wp\/v2\/posts\/8776","targetHints":{"allow":["GET"]}}],"collection":[{"href":"https:\/\/nicole37.fr\/index.php?rest_route=\/wp\/v2\/posts"}],"about":[{"href":"https:\/\/nicole37.fr\/index.php?rest_route=\/wp\/v2\/types\/post"}],"author":[{"embeddable":true,"href":"https:\/\/nicole37.fr\/index.php?rest_route=\/wp\/v2\/users\/1"}],"replies":[{"embeddable":true,"href":"https:\/\/nicole37.fr\/index.php?rest_route=%2Fwp%2Fv2%2Fcomments&post=8776"}],"version-history":[{"count":1,"href":"https:\/\/nicole37.fr\/index.php?rest_route=\/wp\/v2\/posts\/8776\/revisions"}],"predecessor-version":[{"id":8778,"href":"https:\/\/nicole37.fr\/index.php?rest_route=\/wp\/v2\/posts\/8776\/revisions\/8778"}],"wp:attachment":[{"href":"https:\/\/nicole37.fr\/index.php?rest_route=%2Fwp%2Fv2%2Fmedia&parent=8776"}],"wp:term":[{"taxonomy":"category","embeddable":true,"href":"https:\/\/nicole37.fr\/index.php?rest_route=%2Fwp%2Fv2%2Fcategories&post=8776"},{"taxonomy":"post_tag","embeddable":true,"href":"https:\/\/nicole37.fr\/index.php?rest_route=%2Fwp%2Fv2%2Ftags&post=8776"}],"curies":[{"name":"wp","href":"https:\/\/api.w.org\/{rel}","templated":true}]}}