{"id":9201,"date":"2026-09-05T08:38:53","date_gmt":"2026-09-05T06:38:53","guid":{"rendered":"https:\/\/nicole37.fr\/?p=9201"},"modified":"2026-09-05T08:41:18","modified_gmt":"2026-09-05T06:41:18","slug":"jaurais-pu-perdre-ma-main","status":"publish","type":"post","link":"https:\/\/nicole37.fr\/?p=9201","title":{"rendered":"J\u2019AURAIS PU PERDRE MA MAIN"},"content":{"rendered":"\n<p class=\"wp-block-paragraph\"><strong>Compte rendu de cet article \u00ab J\u2019aurais pu perdre ma main \u00bb<\/strong><\/p>\n\n\n\n<figure class=\"wp-block-image size-large\"><img loading=\"lazy\" decoding=\"async\" width=\"1024\" height=\"911\" src=\"https:\/\/nicole37.fr\/wp-content\/uploads\/2026\/09\/IMG_3362-1024x911.jpeg\" alt=\"\" class=\"wp-image-9203\" srcset=\"https:\/\/nicole37.fr\/wp-content\/uploads\/2026\/09\/IMG_3362-1024x911.jpeg 1024w, https:\/\/nicole37.fr\/wp-content\/uploads\/2026\/09\/IMG_3362-300x267.jpeg 300w, https:\/\/nicole37.fr\/wp-content\/uploads\/2026\/09\/IMG_3362-768x683.jpeg 768w, https:\/\/nicole37.fr\/wp-content\/uploads\/2026\/09\/IMG_3362.jpeg 1178w\" sizes=\"auto, (max-width: 709px) 85vw, (max-width: 909px) 67vw, (max-width: 1362px) 62vw, 840px\" \/><figcaption class=\"wp-element-caption\">Screenshot<\/figcaption><\/figure>\n\n\n\n<p class=\"wp-block-paragraph\">L\u2019article raconte la m\u00e9saventure d\u2019<strong>Ang\u00e9lique Freland<\/strong>, une habitante de Noizay, en Indre-et-Loire, qui a \u00e9t\u00e9 victime d\u2019une <strong>grave infection de la main apr\u00e8s s\u2019\u00eatre piqu\u00e9e avec une plante en jardinant<\/strong>.<\/p>\n\n\n\n<p class=\"wp-block-paragraph\">D\u00e9but juillet, alors qu\u2019elle essayait d\u2019arracher une <strong>laitue scariole<\/strong>, une petite \u00e9pine de la plante s\u2019est enfonc\u00e9e dans sa main. Au d\u00e9part, elle ne pense pas que la blessure soit grave. Pourtant, dans les jours qui suivent, <strong>sa main devient de plus en plus douloureuse<\/strong> et elle perd progressivement ses capacit\u00e9s. Elle finit par consulter, puis est prise en charge \u00e0 l\u2019h\u00f4pital d\u2019Amboise.<\/p>\n\n\n\n<p class=\"wp-block-paragraph\">Les m\u00e9decins d\u00e9couvrent une <strong>infection importante de la main<\/strong>. Une op\u00e9ration est n\u00e9cessaire afin de nettoyer la zone infect\u00e9e. L\u2019intervention est lourde : plusieurs incisions sont pratiqu\u00e9es et <strong>une soixantaine de points de suture<\/strong> sont n\u00e9cessaires. Les m\u00e9decins lui expliquent que la situation aurait pu \u00eatre encore plus grave et qu\u2019elle aurait m\u00eame pu <strong>perdre sa main<\/strong>. L\u2019information est \u00e9galement rapport\u00e9e par la presse locale, qui pr\u00e9cise qu\u2019un mois apr\u00e8s l\u2019intervention, elle n\u2019a pas encore retrouv\u00e9 toutes ses capacit\u00e9s motrices.&nbsp;<\/p>\n\n\n\n<p class=\"wp-block-paragraph\"><strong>Les cons\u00e9quences<\/strong><\/p>\n\n\n\n<p class=\"wp-block-paragraph\">Apr\u00e8s l\u2019op\u00e9ration, Ang\u00e9lique doit commencer une <strong>r\u00e9\u00e9ducation importante<\/strong>. Elle souffre encore et \u00e9prouve des difficult\u00e9s \u00e0 utiliser normalement sa main. Elle doit notamment faire des exercices r\u00e9guli\u00e8rement pour retrouver progressivement sa mobilit\u00e9 et sa force.<\/p>\n\n\n\n<p class=\"wp-block-paragraph\">Cette blessure a \u00e9galement perturb\u00e9 son quotidien. Elle explique devoir apprendre \u00e0 utiliser sa main diff\u00e9remment et \u00e0 reprendre petit \u00e0 petit les gestes de la vie courante.<\/p>\n\n\n\n<p class=\"wp-block-paragraph\"><strong>Une cause encore incertaine<\/strong><\/p>\n\n\n\n<p class=\"wp-block-paragraph\">L\u2019article souligne \u00e9galement qu\u2019un <strong>myst\u00e8re demeure concernant l\u2019origine exacte de l\u2019infection<\/strong>. Les analyses ont \u00e9t\u00e9 fauss\u00e9es par les antibiotiques re\u00e7us auparavant, ce qui n\u2019a pas permis d\u2019identifier avec certitude le germe responsable.<\/p>\n\n\n\n<p class=\"wp-block-paragraph\"><strong>Conclusion<\/strong><\/p>\n\n\n\n<p class=\"wp-block-paragraph\">Cet article montre qu\u2019<strong>une petite blessure apparemment banale peut parfois avoir des cons\u00e9quences tr\u00e8s s\u00e9rieuses<\/strong>. L\u2019histoire d\u2019Ang\u00e9lique rappelle l\u2019importance de surveiller attentivement une plaie, particuli\u00e8rement lorsqu\u2019elle devient douloureuse, gonfl\u00e9e ou pr\u00e9sente des signes d\u2019infection.<\/p>\n\n\n\n<p class=\"wp-block-paragraph\"><strong>En r\u00e9sum\u00e9 :<\/strong> une simple piq\u00fbre lors du jardinage a entra\u00een\u00e9 chez Ang\u00e9lique une infection s\u00e9v\u00e8re, une op\u00e9ration importante et plusieurs semaines de r\u00e9\u00e9ducation. Malgr\u00e9 cette \u00e9preuve, elle reste d\u00e9termin\u00e9e \u00e0 r\u00e9cup\u00e9rer l\u2019usage de sa main.<\/p>\n\n\n\n<p class=\"wp-block-paragraph\">voir la video ici : <\/p>\n\n\n\n<p class=\"wp-block-paragraph\"><a href=\"https:\/\/www.lanouvellerepublique.fr\/indre-et-loire\/video-soixante-points-de-suture-a-cause-d-une-plante-la-mesaventure-d-angelique-piquee-a-la-main-en-indre-et-loire-1788448547?fbclid=IwZnRzaAUIlv9wZG9mBWZkaWQWUN0BuG09UhBgo7yW1npeGSRTfHUMXWV4dG4DYWVtAjExAHNydGMGYXBwX2lkCjY2Mjg1NjgzNzkAAR6Xr_YHZTOTRgNuWA3kM1RELssPgdmtTA84DeKF-PvDf6o5CGzzPGcVtkmUIw_aem_peQlLuhg5cfGwjjbYCM8-g\">https:\/\/www.lanouvellerepublique.fr\/indre-et-loire\/video-soixante-points-de-suture-a-cause-d-une-plante-la-mesaventure-d-angelique-piquee-a-la-main-en-indre-et-loire-1788448547?fbclid=IwZnRzaAUIlv9wZG9mBWZkaWQWUN0BuG09UhBgo7yW1npeGSRTfHUMXWV4dG4DYWVtAjExAHNydGMGYXBwX2lkCjY2Mjg1NjgzNzkAAR6Xr_YHZTOTRgNuWA3kM1RELssPgdmtTA84DeKF-PvDf6o5CGzzPGcVtkmUIw_aem_peQlLuhg5cfGwjjbYCM8-g<\/a><\/p>\n","protected":false},"excerpt":{"rendered":"<p>Compte rendu de cet article \u00ab J\u2019aurais pu perdre ma main \u00bb L\u2019article raconte la m\u00e9saventure d\u2019Ang\u00e9lique Freland, une habitante de Noizay, en Indre-et-Loire, qui a \u00e9t\u00e9 victime d\u2019une grave infection de la main apr\u00e8s s\u2019\u00eatre piqu\u00e9e avec une plante en jardinant. D\u00e9but juillet, alors qu\u2019elle essayait d\u2019arracher une laitue scariole, une petite \u00e9pine de &hellip; <a href=\"https:\/\/nicole37.fr\/?p=9201\" class=\"more-link\">Continuer la lecture<span class=\"screen-reader-text\"> de &laquo;&nbsp;J\u2019AURAIS PU PERDRE MA MAIN&nbsp;&raquo;<\/span><\/a><\/p>\n","protected":false},"author":1,"featured_media":0,"comment_status":"open","ping_status":"open","sticky":false,"template":"","format":"standard","meta":{"footnotes":""},"categories":[3,139,481],"tags":[],"class_list":["post-9201","post","type-post","status-publish","format-standard","hentry","category-uncategorized","category-faits-divers","category-jaurais-pu-perdre-ma-main"],"_links":{"self":[{"href":"https:\/\/nicole37.fr\/index.php?rest_route=\/wp\/v2\/posts\/9201","targetHints":{"allow":["GET"]}}],"collection":[{"href":"https:\/\/nicole37.fr\/index.php?rest_route=\/wp\/v2\/posts"}],"about":[{"href":"https:\/\/nicole37.fr\/index.php?rest_route=\/wp\/v2\/types\/post"}],"author":[{"embeddable":true,"href":"https:\/\/nicole37.fr\/index.php?rest_route=\/wp\/v2\/users\/1"}],"replies":[{"embeddable":true,"href":"https:\/\/nicole37.fr\/index.php?rest_route=%2Fwp%2Fv2%2Fcomments&post=9201"}],"version-history":[{"count":6,"href":"https:\/\/nicole37.fr\/index.php?rest_route=\/wp\/v2\/posts\/9201\/revisions"}],"predecessor-version":[{"id":9208,"href":"https:\/\/nicole37.fr\/index.php?rest_route=\/wp\/v2\/posts\/9201\/revisions\/9208"}],"wp:attachment":[{"href":"https:\/\/nicole37.fr\/index.php?rest_route=%2Fwp%2Fv2%2Fmedia&parent=9201"}],"wp:term":[{"taxonomy":"category","embeddable":true,"href":"https:\/\/nicole37.fr\/index.php?rest_route=%2Fwp%2Fv2%2Fcategories&post=9201"},{"taxonomy":"post_tag","embeddable":true,"href":"https:\/\/nicole37.fr\/index.php?rest_route=%2Fwp%2Fv2%2Ftags&post=9201"}],"curies":[{"name":"wp","href":"https:\/\/api.w.org\/{rel}","templated":true}]}}