{"id":985,"date":"2020-02-17T18:38:24","date_gmt":"2020-02-17T17:38:24","guid":{"rendered":"https:\/\/nicole37.fr\/?p=985"},"modified":"2020-02-17T18:38:24","modified_gmt":"2020-02-17T17:38:24","slug":"changement-dheure","status":"publish","type":"post","link":"https:\/\/nicole37.fr\/?p=985","title":{"rendered":"CHANGEMENT D&rsquo;HEURE"},"content":{"rendered":"\n<div class=\"wp-block-image\"><figure class=\"aligncenter is-resized\"><img loading=\"lazy\" decoding=\"async\" src=\"https:\/\/nicole37.fr\/wp-content\/uploads\/2020\/02\/qr07cm-570x1024.jpg\" alt=\"\" class=\"wp-image-988\" width=\"159\" height=\"286\" srcset=\"https:\/\/nicole37.fr\/wp-content\/uploads\/2020\/02\/qr07cm-570x1024.jpg 570w, https:\/\/nicole37.fr\/wp-content\/uploads\/2020\/02\/qr07cm-167x300.jpg 167w, https:\/\/nicole37.fr\/wp-content\/uploads\/2020\/02\/qr07cm.jpg 574w\" sizes=\"auto, (max-width: 159px) 85vw, 159px\" \/><\/figure><\/div>\n\n\n\n<p class=\"has-medium-font-size\">Le changement d&rsquo;heure interviendra cette ann\u00e9e le 29 mars, heure d&rsquo;\u00e9t\u00e9. On avancera d&rsquo;une heure nos pendules c&rsquo;est-\u00e0-dire qu&rsquo;\u00e0 2h du matin il sera 3h et nous dormirons une heure de moins. Mais nous aurons de la clart\u00e9 tard le soir.<\/p>\n\n\n\n<p class=\"has-medium-font-size\"><strong>Quand ceci devrait s&rsquo;arr\u00eater ? Bonne question.<\/strong><\/p>\n\n\n\n<p class=\"has-medium-font-size\">Elle devait initialement \u00eatre concr\u00e9tis\u00e9e en 2019 mais les eurod\u00e9put\u00e9s ont vot\u00e9 un report de la mesure en 2021. Dans un peu plus d&rsquo;un an, nous devrions donc avoir tir\u00e9 un trait sur l&rsquo;\u00e9ternelle question : \u00ab\u00a0On perd ou on gagne une heure de sommeil ? \u00a0\u00bb Cette confusion dure depuis l&rsquo;instauration du changement d&rsquo;heure en 1976 qui a ensuite \u00e9t\u00e9 g\u00e9n\u00e9ralis\u00e9e \u00e0 la plupart des pays de l&rsquo;UE en 1998.<\/p>\n\n\n\n<div class=\"wp-block-image\"><figure class=\"aligncenter is-resized\"><img loading=\"lazy\" decoding=\"async\" src=\"https:\/\/nicole37.fr\/wp-content\/uploads\/2020\/02\/IMG_6940-568x1024.jpg\" alt=\"\" class=\"wp-image-986\" width=\"482\" height=\"869\" srcset=\"https:\/\/nicole37.fr\/wp-content\/uploads\/2020\/02\/IMG_6940-568x1024.jpg 568w, https:\/\/nicole37.fr\/wp-content\/uploads\/2020\/02\/IMG_6940-166x300.jpg 166w, https:\/\/nicole37.fr\/wp-content\/uploads\/2020\/02\/IMG_6940-768x1385.jpg 768w, https:\/\/nicole37.fr\/wp-content\/uploads\/2020\/02\/IMG_6940-852x1536.jpg 852w, https:\/\/nicole37.fr\/wp-content\/uploads\/2020\/02\/IMG_6940.jpg 1124w\" sizes=\"auto, (max-width: 482px) 85vw, 482px\" \/><\/figure><\/div>\n\n\n\n<div class=\"wp-block-image\"><figure class=\"aligncenter is-resized\"><img loading=\"lazy\" decoding=\"async\" src=\"https:\/\/nicole37.fr\/wp-content\/uploads\/2020\/02\/IMG_6941-1024x344.jpg\" alt=\"\" class=\"wp-image-987\" width=\"541\" height=\"181\" srcset=\"https:\/\/nicole37.fr\/wp-content\/uploads\/2020\/02\/IMG_6941-1024x344.jpg 1024w, https:\/\/nicole37.fr\/wp-content\/uploads\/2020\/02\/IMG_6941-300x101.jpg 300w, https:\/\/nicole37.fr\/wp-content\/uploads\/2020\/02\/IMG_6941-768x258.jpg 768w, https:\/\/nicole37.fr\/wp-content\/uploads\/2020\/02\/IMG_6941.jpg 1044w\" sizes=\"auto, (max-width: 541px) 85vw, 541px\" \/><\/figure><\/div>\n\n\n\n<p class=\"has-medium-font-size\"><em>Donc, finalement, que sera la derni\u00e8re d\u00e9cision ?  (A suivre&#8230;)<\/em><\/p>\n","protected":false},"excerpt":{"rendered":"<p>Le changement d&rsquo;heure interviendra cette ann\u00e9e le 29 mars, heure d&rsquo;\u00e9t\u00e9. On avancera d&rsquo;une heure nos pendules c&rsquo;est-\u00e0-dire qu&rsquo;\u00e0 2h du matin il sera 3h et nous dormirons une heure de moins. Mais nous aurons de la clart\u00e9 tard le soir. Quand ceci devrait s&rsquo;arr\u00eater ? Bonne question. Elle devait initialement \u00eatre concr\u00e9tis\u00e9e en 2019 &hellip; <a href=\"https:\/\/nicole37.fr\/?p=985\" class=\"more-link\">Continuer la lecture<span class=\"screen-reader-text\"> de &laquo;&nbsp;CHANGEMENT D&rsquo;HEURE&nbsp;&raquo;<\/span><\/a><\/p>\n","protected":false},"author":1,"featured_media":0,"comment_status":"open","ping_status":"open","sticky":false,"template":"","format":"standard","meta":{"footnotes":""},"categories":[3],"tags":[],"class_list":["post-985","post","type-post","status-publish","format-standard","hentry","category-uncategorized"],"_links":{"self":[{"href":"https:\/\/nicole37.fr\/index.php?rest_route=\/wp\/v2\/posts\/985","targetHints":{"allow":["GET"]}}],"collection":[{"href":"https:\/\/nicole37.fr\/index.php?rest_route=\/wp\/v2\/posts"}],"about":[{"href":"https:\/\/nicole37.fr\/index.php?rest_route=\/wp\/v2\/types\/post"}],"author":[{"embeddable":true,"href":"https:\/\/nicole37.fr\/index.php?rest_route=\/wp\/v2\/users\/1"}],"replies":[{"embeddable":true,"href":"https:\/\/nicole37.fr\/index.php?rest_route=%2Fwp%2Fv2%2Fcomments&post=985"}],"version-history":[{"count":0,"href":"https:\/\/nicole37.fr\/index.php?rest_route=\/wp\/v2\/posts\/985\/revisions"}],"wp:attachment":[{"href":"https:\/\/nicole37.fr\/index.php?rest_route=%2Fwp%2Fv2%2Fmedia&parent=985"}],"wp:term":[{"taxonomy":"category","embeddable":true,"href":"https:\/\/nicole37.fr\/index.php?rest_route=%2Fwp%2Fv2%2Fcategories&post=985"},{"taxonomy":"post_tag","embeddable":true,"href":"https:\/\/nicole37.fr\/index.php?rest_route=%2Fwp%2Fv2%2Ftags&post=985"}],"curies":[{"name":"wp","href":"https:\/\/api.w.org\/{rel}","templated":true}]}}